{"id":14611,"date":"2022-08-18T20:42:39","date_gmt":"2022-08-18T20:42:39","guid":{"rendered":"https:\/\/conakrynews.org\/?p=14611"},"modified":"2022-08-19T00:29:26","modified_gmt":"2022-08-19T00:29:26","slug":"conakry-lassociation-des-magistrats-de-guineeamg-a-reporte-son-assemblee-generale-ce-jeudi","status":"publish","type":"post","link":"https:\/\/conakrynews.org\/index.php\/conakry-lassociation-des-magistrats-de-guineeamg-a-reporte-son-assemblee-generale-ce-jeudi\/","title":{"rendered":"Conakry :L&rsquo;Association des Magistrats de Guin\u00e9e(AMG)  a report\u00e9  son Assembl\u00e9e G\u00e9n\u00e9rale ce jeudi"},"content":{"rendered":"<p>Selon un Communiqu\u00e9 dont notre quotidien en ligne  vient de rentrer en  possession  d&rsquo;une copie,l&rsquo;Association des Magistrats de Guin\u00e9e(AMG) a report\u00e9  son Assembl\u00e9e G\u00e9n\u00e9rale  pr\u00e9vue  ce jeudi 18 Ao\u00fbt \u00e0  Conakry.C&rsquo;est une decision qui a \u00e9t\u00e9  prise suite \u00e0 une rencontre  aujourd&rsquo;hui avec le Conseil Sup\u00e9rieur de la Magistrature(CSM) et le Conseil d&rsquo;Administration de l&rsquo;Association des Magistrats de Guin\u00e9e (AMG).<\/p>\n<p>Lisez:<\/p>\n<p><img loading=\"lazy\" decoding=\"async\" src=\"https:\/\/conakrynews.org\/wp-content\/uploads\/2022\/08\/Communique-N\u00b0004-AMG-du-18-aout-2022_page-0001-724x1024-1-265x375.jpg\" alt=\"\" width=\"265\" height=\"375\" class=\"alignright size-medium wp-image-14612\" srcset=\"https:\/\/conakrynews.org\/wp-content\/uploads\/2022\/08\/Communique-N\u00b0004-AMG-du-18-aout-2022_page-0001-724x1024-1-265x375.jpg 265w, https:\/\/conakrynews.org\/wp-content\/uploads\/2022\/08\/Communique-N\u00b0004-AMG-du-18-aout-2022_page-0001-724x1024-1.jpg 724w\" sizes=\"auto, (max-width: 265px) 100vw, 265px\" \/><\/p>\n<p>Sylla Ibrahima Kalil,pour conakrynews.org 625444534<\/p>\n","protected":false},"excerpt":{"rendered":"<p>Selon un Communiqu\u00e9 dont notre quotidien en ligne vient de rentrer en possession d&rsquo;une copie,l&rsquo;Association des Magistrats de Guin\u00e9e(AMG) a report\u00e9 son Assembl\u00e9e G\u00e9n\u00e9rale pr\u00e9vue ce jeudi 18 Ao\u00fbt \u00e0 Conakry.C&rsquo;est une decision qui a \u00e9t\u00e9 prise suite \u00e0 une rencontre aujourd&rsquo;hui avec le Conseil Sup\u00e9rieur de la Magistrature(CSM) et le Conseil d&rsquo;Administration de l&rsquo;Association [&hellip;]<\/p>\n","protected":false},"author":2,"featured_media":14615,"comment_status":"closed","ping_status":"closed","sticky":false,"template":"","format":"standard","meta":{"footnotes":""},"categories":[58],"tags":[],"class_list":{"0":"post-14611","1":"post","2":"type-post","3":"status-publish","4":"format-standard","5":"has-post-thumbnail","7":"category-societe"},"_links":{"self":[{"href":"https:\/\/conakrynews.org\/index.php\/wp-json\/wp\/v2\/posts\/14611","targetHints":{"allow":["GET"]}}],"collection":[{"href":"https:\/\/conakrynews.org\/index.php\/wp-json\/wp\/v2\/posts"}],"about":[{"href":"https:\/\/conakrynews.org\/index.php\/wp-json\/wp\/v2\/types\/post"}],"author":[{"embeddable":true,"href":"https:\/\/conakrynews.org\/index.php\/wp-json\/wp\/v2\/users\/2"}],"replies":[{"embeddable":true,"href":"https:\/\/conakrynews.org\/index.php\/wp-json\/wp\/v2\/comments?post=14611"}],"version-history":[{"count":0,"href":"https:\/\/conakrynews.org\/index.php\/wp-json\/wp\/v2\/posts\/14611\/revisions"}],"wp:featuredmedia":[{"embeddable":true,"href":"https:\/\/conakrynews.org\/index.php\/wp-json\/wp\/v2\/media\/14615"}],"wp:attachment":[{"href":"https:\/\/conakrynews.org\/index.php\/wp-json\/wp\/v2\/media?parent=14611"}],"wp:term":[{"taxonomy":"category","embeddable":true,"href":"https:\/\/conakrynews.org\/index.php\/wp-json\/wp\/v2\/categories?post=14611"},{"taxonomy":"post_tag","embeddable":true,"href":"https:\/\/conakrynews.org\/index.php\/wp-json\/wp\/v2\/tags?post=14611"}],"curies":[{"name":"wp","href":"https:\/\/api.w.org\/{rel}","templated":true}]}}