{"id":14648,"date":"2022-08-20T00:30:06","date_gmt":"2022-08-20T00:30:06","guid":{"rendered":"https:\/\/conakrynews.org\/?p=14648"},"modified":"2022-08-20T00:30:06","modified_gmt":"2022-08-20T00:30:06","slug":"guinee-massacre-du-28-septembre-vers-la-publication-dune-date-pour-la-tenue-du-proces","status":"publish","type":"post","link":"https:\/\/conakrynews.org\/index.php\/guinee-massacre-du-28-septembre-vers-la-publication-dune-date-pour-la-tenue-du-proces\/","title":{"rendered":"Guin\u00e9e\/Massacre du 28 septembre : Vers la publication d\u2019une date pour la tenue du proc\u00e8s"},"content":{"rendered":"<p>Cette annonce a \u00e9t\u00e9 faite ce vendredi 19 ao\u00fbt 2022 par la pr\u00e9sidente des associations des victimes et Amis du stade 28 septembre, Asmaou Diallo \u00e0 la sortie d\u2019une nouvelle rencontre avec le ministre des gardes des sceaux ce vendredi \u00e0 Conakry.<\/p>\n<p>Selon elle, cette rencontre avait le but de conna\u00eetre le niveau d\u2019avancement des travaux du chantier qui doit abrit\u00e9 ce proc\u00e8s.<\/p>\n<p>\u00ab Le programme de proc\u00e8s qui va se tenir tr\u00e8s bient\u00f4t, nous sommes tr\u00e8s ravi de savoir que les choses avancent tr\u00e8s bien et que le minist\u00e8re est en train de travailler s\u00e9rieusement pour que ce proc\u00e8s ait lieu. En plus, parlant aussi du lieu o\u00f9 le proc\u00e8s doit se tenir, l\u00e0 aussi il y a un tr\u00e8s bon avancement parce que \u00e0 90% les travaux sont vraiment ex\u00e9cut\u00e9. Nous sommes tr\u00e8s s\u00fbre que le proc\u00e8s aura lieu au moment o\u00f9 la date sera connue et je suis s\u00fbre que \u00e7a sera respect\u00e9 \u00bb.<\/p>\n<p>\u00ab Le programme qui nous a \u00e9t\u00e9 donn\u00e9 on entend en tout cas la date qui sera donn\u00e9 le 6 du mois prochain, et lorsque la date sera donn\u00e9, je suis s\u00fbre que les choses vont aller aussi plus vite que possible (\u2026..) \u00c9videmment je peux dire que oui, parceque avant les journalistes ne rentraient pas au d\u00e9partement pour parler avec la d\u00e9l\u00e9gation des victimes c\u2019est la premi\u00e8re fois que cela se fait. Et, j\u2019avoue que c\u2019est s\u00fbr qu\u2019on aura ce proc\u00e8s et que le peuple de Guin\u00e9e sera content \u00bb conclut-elle.<\/p>\n<p>Guineequotidien.com<\/p>\n","protected":false},"excerpt":{"rendered":"<p>Cette annonce a \u00e9t\u00e9 faite ce vendredi 19 ao\u00fbt 2022 par la pr\u00e9sidente des associations des victimes et Amis du stade 28 septembre, Asmaou Diallo \u00e0 la sortie d\u2019une nouvelle rencontre avec le ministre des gardes des sceaux ce vendredi \u00e0 Conakry. Selon elle, cette rencontre avait le but de conna\u00eetre le niveau d\u2019avancement des [&hellip;]<\/p>\n","protected":false},"author":2,"featured_media":14649,"comment_status":"closed","ping_status":"closed","sticky":false,"template":"","format":"standard","meta":{"footnotes":""},"categories":[58],"tags":[],"class_list":{"0":"post-14648","1":"post","2":"type-post","3":"status-publish","4":"format-standard","5":"has-post-thumbnail","7":"category-societe"},"_links":{"self":[{"href":"https:\/\/conakrynews.org\/index.php\/wp-json\/wp\/v2\/posts\/14648","targetHints":{"allow":["GET"]}}],"collection":[{"href":"https:\/\/conakrynews.org\/index.php\/wp-json\/wp\/v2\/posts"}],"about":[{"href":"https:\/\/conakrynews.org\/index.php\/wp-json\/wp\/v2\/types\/post"}],"author":[{"embeddable":true,"href":"https:\/\/conakrynews.org\/index.php\/wp-json\/wp\/v2\/users\/2"}],"replies":[{"embeddable":true,"href":"https:\/\/conakrynews.org\/index.php\/wp-json\/wp\/v2\/comments?post=14648"}],"version-history":[{"count":0,"href":"https:\/\/conakrynews.org\/index.php\/wp-json\/wp\/v2\/posts\/14648\/revisions"}],"wp:featuredmedia":[{"embeddable":true,"href":"https:\/\/conakrynews.org\/index.php\/wp-json\/wp\/v2\/media\/14649"}],"wp:attachment":[{"href":"https:\/\/conakrynews.org\/index.php\/wp-json\/wp\/v2\/media?parent=14648"}],"wp:term":[{"taxonomy":"category","embeddable":true,"href":"https:\/\/conakrynews.org\/index.php\/wp-json\/wp\/v2\/categories?post=14648"},{"taxonomy":"post_tag","embeddable":true,"href":"https:\/\/conakrynews.org\/index.php\/wp-json\/wp\/v2\/tags?post=14648"}],"curies":[{"name":"wp","href":"https:\/\/api.w.org\/{rel}","templated":true}]}}