{"id":1467,"date":"2017-09-03T09:33:38","date_gmt":"2017-09-03T07:33:38","guid":{"rendered":"https:\/\/conakrynews.org\/?p=1467"},"modified":"2017-09-03T09:33:38","modified_gmt":"2017-09-03T07:33:38","slug":"guineemamady-youla-a-t-raison-detre-3eme-republique-regard-multiples-decrets-de-lexecutif-quil-ne-soit-consulte","status":"publish","type":"post","link":"https:\/\/conakrynews.org\/index.php\/guineemamady-youla-a-t-raison-detre-3eme-republique-regard-multiples-decrets-de-lexecutif-quil-ne-soit-consulte\/","title":{"rendered":"Guin\u00e9e:Mamady Youla, a-t-il sa Raison D\u2019\u00eatre dans La 3\u00e8me R\u00e9publique Au Regard Des Multiples D\u00e9crets  De L\u2019ex\u00e9cutif Sans Qu\u2019il Ne Soit  Consult\u00e9?"},"content":{"rendered":"<p><img loading=\"lazy\" decoding=\"async\" class=\"alignnone size-full wp-image-1468\" src=\"https:\/\/conakrynews.org\/wp-content\/uploads\/2017\/09\/photo-youla.jpg\" alt=\"\" width=\"337\" height=\"354\" \/>Depuis que Mr Mamadi Youla, a \u00e9t\u00e9 nomm\u00e9 par d\u00e9cret du Pr\u00e9sident de la R\u00e9publique Chef du Gouvernement, aucun Ministre de la R\u00e9publique ne l\u2019a saisi pour d\u00e9poser sa d\u00e9mission, par le fait qu\u2019il soit leur responsable direct, c\u2019est l\u2019\u00e0 toute la probl\u00e9matique au niveau de la Primature guin\u00e9enne.<\/p>\n<p>A noter, que la Constitution Guin\u00e9enne reconnait la qualit\u00e9 de\u00a0 M. Mamadi Youla,\u00a0 Premier Ministre Chef du Gouvernement, mais h\u00e9las, dans les faits et puis, dans la pratique des pr\u00e9rogatives\u00a0 Constitutionnelles, il est\u00a0 loin et tr\u00e8s loin de l\u2019\u00eatre.<\/p>\n<p>Pour rappel, l\u2019article 53 alin\u00e9as 1 et 3 de la Constitution dispose que \u00ab\u00a0Le Premier Ministre propose au Pr\u00e9sident de la R\u00e9publique la structure et la composition du gouvernement.<\/p>\n<p>Le Premier Ministre est responsable devant le Pr\u00e9sident de la R\u00e9publique\u00bb<\/p>\n<p>Or, ces dispositions pertinentes susvis\u00e9es n\u2019ont jamais \u00e9t\u00e9 observ\u00e9es par le Pouvoir ex\u00e9cutif ni par nomination et ni par r\u00e9vocation par D\u00e9cret d\u2019un ou des Ministres de la R\u00e9publique, apr\u00e8s consultation du Premier Ministre Chef du Gouvernement.<\/p>\n<p>Par contre, les acteurs politiques dits de l\u2019opposition r\u00e9publicaine plurielle, de la Soci\u00e9t\u00e9 Civile dans son ensemble et des Organisations dites de D\u00e9fense des Droits Humains et des Peuples, acquiescent malheureusement,\u00a0 au jour le jour une telle inobservation de la Constitution par l\u2019Ex\u00e9cutif sans aucune r\u00e9action de fermet\u00e9 et de condamnation d\u2019une telle pratique anti constitutionnelle. Et pire, et de surcroit, la Cour Constitutionnelle n\u2019a jamais daign\u00e9e\u00a0 rappel\u00e9e \u00e0 son Excellence Monsieur le Pr\u00e9sident de la R\u00e9publique \u00e0 se conformer aux dispositions pertinentes des alin\u00e9as 1 et 3 de l\u2019article 53 de la Constitution.<\/p>\n<p>A partir du moment o\u00f9 le premier responsable de la Cour Constitution, a pris soin de faire reprendre de droit la prestation de serment \u00e0 son Excellence Monsieur le Pr\u00e9sident de la R\u00e9publique courant 2015, les 9 membres de ladite Cour doivent faire autant, parce que dans le premier cas, la Cour n\u2019a \u00e9t\u00e9 saisie par qui ce soit, elle s\u2019est auto saisie d\u2019office pour respecter et faire respecter l\u2019article 35 de la Constitution.<\/p>\n<p>Certes, la Cour Constitutionnelle est et demeure la 1<sup>\u00e8re<\/sup> Conseill\u00e8re des Institutions R\u00e9publicaine, Constitutionnelle, et les autres Organes de l\u2019Etat, en mati\u00e8re d\u2019interpr\u00e9tation des dispositions Constitutionnelles, les autres organes de l\u2019Etat et du R\u00e8glement int\u00e9rieur des dites Institutions. C\u2019est pourquoi, il est important que la gardienne de la Constitution joue pleinement sa partition et dans la loyaut\u00e9 au temps que faire se peut.<\/p>\n<p>En r\u00e9alit\u00e9, tout porte \u00e0 croire que Monsieur le Premier Ministre Chef du Gouvernement ne jouit d\u2019aucune de ses pr\u00e9rogatives constitutionnelles, en sa qualit\u00e9 de \u00ab\u00a0Responsable\u00a0\u00bb direct des Ministres du Gouvernement de la R\u00e9publique, l\u2019ex\u00e9cutif ne fait que des D\u00e9crets de nomination et de r\u00e9vocation des Ministres sans que les projets ne soient d\u00e9pos\u00e9s par ses soins, quelle explication plausible peut \u2013on donn\u00e9e \u00e0 une telle pratique anti constitutionnelle\u00a0?<\/p>\n<p>En revanche, et si Monsieur le Premier Ministre Chef du Gouvernement, se voit dans l\u2019impossibilit\u00e9 d\u2019imprimer sa supr\u00e9matie, son autorit\u00e9 et ses pr\u00e9rogatives Constitutionnelles, pr\u00e9vues aux articles 52, 53, 55 et suivants, il fera mieux de pr\u00e9senter sa d\u00e9mission \u00e0 son Excellence Monsieur le Pr\u00e9sident de la R\u00e9publique,\u00a0 pour toutes fins utiles que de droit, ce ne sera que saine justice et pour la premi\u00e8re fois dans la 3<sup>\u00e8me<\/sup> R\u00e9publique.<\/p>\n<p>Quand aux acteurs de la Soci\u00e9t\u00e9 dans son ensemble, de la classe politique, notamment de l\u2019opposition plurielle, des Organisations dites de d\u00e9fense des Droits Humains et des Peuples et du Syndicat, doivent \u0153uvrer inlassablement \u00e0 l\u2019encrage d\u00e9mocratique, \u00e0 la\u00a0 promotion de l\u2019Etat de droit et \u00e0 la dignit\u00e9 humaine, au respect de la Constitution, des lois et des r\u00e8glements qui r\u00e9gissent le mode\u00a0 de fonctionnement d\u2019une Nation.<\/p>\n<p>On ne cessera jamais d\u2019interpeler, les Organisations de la Soci\u00e9t\u00e9 civile guin\u00e9enne dans son ensemble, \u00e0 sursoir \u00e0 toute initiative allant dans le sens\u00a0 de la cr\u00e9ation d\u2019un pr\u00e9tendu Gouvernement d\u2019ouverture, qui ne fera que augment\u00e9 les maux dont nous souffrons et continuons de souffrir, tels que , l\u2019impunit\u00e9, l\u2019ins\u00e9curit\u00e9, l\u2019incivisme, la mal gouvernance, le d\u00e9tournement des derniers publics, la gabegie financi\u00e8re, les parrainages des Ministres de la R\u00e9publique, des hauts cadres de l\u2019Administration publique, parce que l\u2019Etat \u00e0 vrai dire\u00a0 est absent \u00e0 tous les niveaux de commandement en mati\u00e8re de prise de d\u00e9cision dans l\u2019int\u00e9r\u00eat sup\u00e9rieur de la Nation guin\u00e9enne.<\/p>\n<p>En guise de rappel, les gouvernements de large ouverture, de consensus, de transition, d\u2019union nationale et du pr\u00e9tendu ouverture propos\u00e9 par une frange de la Soci\u00e9t\u00e9 civile, n\u2019ont rien servis et ne servirons \u00e0 rien au regard des diff\u00e9rents r\u00e9sultats m\u00e9diocres dont ils ont fait preuve dans l\u2019ar\u00e8ne politique guin\u00e9enne, car on ne fabrique pas la roue, les guin\u00e9ens n\u2019ont\u00a0 besoin que l\u2019application stricte de la Constitution par les gouvernants surtout.<\/p>\n<p>Pour terminer, si les Organisations de la Soci\u00e9t\u00e9 Civile guin\u00e9enne, voudraient un v\u00e9ritable changement de comportement des gouvernants, devraient\u00a0 en\u00a0 toute sinc\u00e9rit\u00e9,\u00a0 exiger l\u2019application stricte des dispositions de l\u2019article 36 de la Constitution, sur la d\u00e9claration \u00e9crite des biens sur l\u2019honneur du Pr\u00e9sident de la R\u00e9publique, des Ministres entrant et sortant et les Pr\u00e9sidents des Institutions constitutionnelle, y compris la Cour Constitutionnelle \u2026.<\/p>\n<p>Nous en sommes certains, que c\u2019est en cela qu\u2019on peut tenter d\u2019avoir un d\u00e9but d\u2019espoir pour impulser une autre dynamique du d\u00e9veloppement plus coh\u00e9rente et plus constructive, qui pourrait\u00a0 \u00e9ventuellement d\u00e9boucher sur la cr\u00e9ation d\u2019emploi et la r\u00e9partition \u00e9quitable de la richesse nationale, gage de la paix et de la qui\u00e9tude sociale.<\/p>\n<p>Que Dieu le tout puissant b\u00e9nisse\u00a0 et\u00a0 prot\u00e8ge la Guin\u00e9e.\u00a0 Amen\u00a0!<\/p>\n<p>&nbsp;<\/p>\n<p><strong>Alfousseny \u00a0MAGASSOUBA \u00a0<\/strong><\/p>\n<p><strong>D.P\u00a0 Kuru kan fuga, Tel\u00a0: 657 20 72 59\u00a0 \/ 628 61 71 39\u00a0 <\/strong><\/p>\n<p><strong>\u00a0<\/strong><\/p>\n<p><strong>\u00a0<\/strong><\/p>\n","protected":false},"excerpt":{"rendered":"<p>Depuis que Mr Mamadi Youla, a \u00e9t\u00e9 nomm\u00e9 par d\u00e9cret du Pr\u00e9sident de la R\u00e9publique Chef du Gouvernement, aucun Ministre de la R\u00e9publique ne l\u2019a saisi pour d\u00e9poser sa d\u00e9mission, par le fait qu\u2019il soit leur responsable direct, c\u2019est l\u2019\u00e0 toute la probl\u00e9matique au niveau de la Primature guin\u00e9enne. A noter, que la Constitution Guin\u00e9enne [&hellip;]<\/p>\n","protected":false},"author":2,"featured_media":1468,"comment_status":"open","ping_status":"open","sticky":false,"template":"","format":"image","meta":{"footnotes":""},"categories":[57],"tags":[],"class_list":{"0":"post-1467","1":"post","2":"type-post","3":"status-publish","4":"format-image","5":"has-post-thumbnail","7":"category-politique","8":"post_format-post-format-image"},"_links":{"self":[{"href":"https:\/\/conakrynews.org\/index.php\/wp-json\/wp\/v2\/posts\/1467","targetHints":{"allow":["GET"]}}],"collection":[{"href":"https:\/\/conakrynews.org\/index.php\/wp-json\/wp\/v2\/posts"}],"about":[{"href":"https:\/\/conakrynews.org\/index.php\/wp-json\/wp\/v2\/types\/post"}],"author":[{"embeddable":true,"href":"https:\/\/conakrynews.org\/index.php\/wp-json\/wp\/v2\/users\/2"}],"replies":[{"embeddable":true,"href":"https:\/\/conakrynews.org\/index.php\/wp-json\/wp\/v2\/comments?post=1467"}],"version-history":[{"count":0,"href":"https:\/\/conakrynews.org\/index.php\/wp-json\/wp\/v2\/posts\/1467\/revisions"}],"wp:featuredmedia":[{"embeddable":true,"href":"https:\/\/conakrynews.org\/index.php\/wp-json\/wp\/v2\/media\/1468"}],"wp:attachment":[{"href":"https:\/\/conakrynews.org\/index.php\/wp-json\/wp\/v2\/media?parent=1467"}],"wp:term":[{"taxonomy":"category","embeddable":true,"href":"https:\/\/conakrynews.org\/index.php\/wp-json\/wp\/v2\/categories?post=1467"},{"taxonomy":"post_tag","embeddable":true,"href":"https:\/\/conakrynews.org\/index.php\/wp-json\/wp\/v2\/tags?post=1467"}],"curies":[{"name":"wp","href":"https:\/\/api.w.org\/{rel}","templated":true}]}}