{"id":14715,"date":"2022-08-22T16:27:22","date_gmt":"2022-08-22T16:27:22","guid":{"rendered":"https:\/\/conakrynews.org\/?p=14715"},"modified":"2022-08-23T11:49:15","modified_gmt":"2022-08-23T11:49:15","slug":"note-parti-na-pas-besoin-de-rencontrer-le-mediateur-de-la-cedeao-dixit-m-amadson-kollie-president-de-lucdp","status":"publish","type":"post","link":"https:\/\/conakrynews.org\/index.php\/note-parti-na-pas-besoin-de-rencontrer-le-mediateur-de-la-cedeao-dixit-m-amadson-kollie-president-de-lucdp\/","title":{"rendered":"\u00ab\u00a0Notre parti  n&rsquo;a pas besoin de rencontrer  le M\u00e9diateur de la CEDEAO  \u00a0\u00bb dixit M.Amadson Kolli\u00e9, pr\u00e9sident de L&rsquo;UCDP"},"content":{"rendered":"<p> \u00c0 l&rsquo;occasion de l&rsquo;arriv\u00e9e du M\u00e9diateur de la CEDEAO en Guin\u00e9e  par rapport \u00e0 la situation sociopolitique actuelle de notre pays,Tomas Yaya Boni,ancien  pr\u00e9sident B\u00e9ninois, le pr\u00e9sident  du Parti de l\u2019Union de la Communaut\u00e9 pour le D\u00e9veloppement et la Paix (UCDP) M.Amadson Kolli\u00e9, a accord\u00e9  une interview  \u00e0  notre  quotidien en ligne ce Lundi, 22 Ao\u00fbt 2022.<\/p>\n<p>Sur la question du m\u00e9diateur de la CEDEAO, le pr\u00e9sident  Amadson Kolli\u00e9  du parti de l&rsquo;Union  de la Communaut\u00e9  pour  le D\u00e9veloppement et la Paix (UCDP) a d\u00e9clar\u00e9 :\u00a0\u00bbNous les partis politiques, nous faisons confiance \u00e0 nos repr\u00e9sentants qui vont parler \u00e0  notre nom.Donc, l&rsquo;UCDP  n&rsquo;a besoin  de rencontrer le  M\u00e9diateur  de la CEDEAO Yaya Boni parce qu&rsquo;il rencontrera  les membres  du Conseil National de la transition  qui sont nos d\u00e9l\u00e9gu\u00e9s  politiques au sein de cette institution\u00a0\u00bb, a-t-il d\u00e9clar\u00e9. <\/p>\n<p>Avant de fustiger  le comportement  des politiques  qui ne font pas confiance  \u00e0  leurs dirigeants  mais qui font confiance plut\u00f4t  \u00e0  des \u00e9trangers  pour  la r\u00e9solution  de nos probl\u00e8mes internes.<\/p>\n<p>Parlant du bilan du CNRD, le leader  de l&rsquo;UCDP, a dit :\u00a0\u00bb Ces militaires ont pris leur responsabilit\u00e9 pour mettre la d\u00e9mocratie en marche avec la mise  en place  du CNT.Et c&rsquo;est la seule  institution  aujourd&rsquo;hui qui a   la charge  de r\u00e9soudre nos diff\u00e9rends  en mati\u00e8re  politique. Et \u00e0  mon avis ,le Conseil National de la transition (CNT) fonctionne bien  pour le  moment.Je crois  qu&rsquo;on doit  donner  plus de temps \u00e0  ce gouvernement de transition,parce que selon des rapports de nos repr\u00e9sentants tout se  passe dans les meilleures conditions et le colonel Mamadi  Doumbouya est en bon  rapport avec nos repr\u00e9sentants au CNT.<\/p>\n<p>Sur le bilan du CNRD, M.Amadson Kolli\u00e9, a expliqu\u00e9 :\u00a0\u00bblorsqu&rsquo;il  est arriv\u00e9  au pouvoir il a rencontr\u00e9 toutes les institutions r\u00e9publicaines, c&rsquo;est la premi\u00e8re fois qu&rsquo;un militaires parvient \u00e0 le faire. Deuxi\u00e8mement chose, il a  r\u00e9ussi  \u00e0  nettoyer la fonction publique pour donner la chance aux jeunes guin\u00e9ens. Il  a pris courage de mettre \u00e0 la retraite tous les g\u00e9n\u00e9raux et aujourd&rsquo;hui  les r\u00e9sultats de ces diff\u00e9rentes r\u00e9formes sont visibles sur le terrain.Regarder les actions de la Crief aujourd&rsquo;hui, qui  juge les gens qui ont pris l&rsquo;argent du contribuable guin\u00e9en.Il y a combien de ministres  qui sont en prison et devant  la justice pour r\u00e9pondre \u00e0 leurs actes?La CRIEF, commence \u00e0 r\u00e9cup\u00e9rer l&rsquo;argent  du contribuable  pour les mettre aux compte des guin\u00e9ens. Ensuite,quand le Colonel  Mamadi Doumbouya est venu, il a mis en marche tous les projets qui \u00e9taient bloqu\u00e9s pour faute de mauvaise gouvernance\u00a0\u00bb,  a-t-il expliqu\u00e9 .<\/p>\n<p>Avant  d&rsquo;inviter les populations Guin\u00e9ennes  \u00e0  accompagner  le CNRD parce que le gouvernement  de la transition  a pos\u00e9  des actions positives qu&rsquo;on ne peut pas citer tout.<\/p>\n<p>Sylla Ibrahima Kalil,pour  conakrynews.org 625444534<\/p>\n","protected":false},"excerpt":{"rendered":"<p>\u00c0 l&rsquo;occasion de l&rsquo;arriv\u00e9e du M\u00e9diateur de la CEDEAO en Guin\u00e9e par rapport \u00e0 la situation sociopolitique actuelle de notre pays,Tomas Yaya Boni,ancien pr\u00e9sident B\u00e9ninois, le pr\u00e9sident du Parti de l\u2019Union de la Communaut\u00e9 pour le D\u00e9veloppement et la Paix (UCDP) M.Amadson Kolli\u00e9, a accord\u00e9 une interview \u00e0 notre quotidien en ligne ce Lundi, 22 [&hellip;]<\/p>\n","protected":false},"author":2,"featured_media":14716,"comment_status":"closed","ping_status":"closed","sticky":false,"template":"","format":"standard","meta":{"footnotes":""},"categories":[57],"tags":[],"class_list":{"0":"post-14715","1":"post","2":"type-post","3":"status-publish","4":"format-standard","5":"has-post-thumbnail","7":"category-politique"},"_links":{"self":[{"href":"https:\/\/conakrynews.org\/index.php\/wp-json\/wp\/v2\/posts\/14715","targetHints":{"allow":["GET"]}}],"collection":[{"href":"https:\/\/conakrynews.org\/index.php\/wp-json\/wp\/v2\/posts"}],"about":[{"href":"https:\/\/conakrynews.org\/index.php\/wp-json\/wp\/v2\/types\/post"}],"author":[{"embeddable":true,"href":"https:\/\/conakrynews.org\/index.php\/wp-json\/wp\/v2\/users\/2"}],"replies":[{"embeddable":true,"href":"https:\/\/conakrynews.org\/index.php\/wp-json\/wp\/v2\/comments?post=14715"}],"version-history":[{"count":0,"href":"https:\/\/conakrynews.org\/index.php\/wp-json\/wp\/v2\/posts\/14715\/revisions"}],"wp:featuredmedia":[{"embeddable":true,"href":"https:\/\/conakrynews.org\/index.php\/wp-json\/wp\/v2\/media\/14716"}],"wp:attachment":[{"href":"https:\/\/conakrynews.org\/index.php\/wp-json\/wp\/v2\/media?parent=14715"}],"wp:term":[{"taxonomy":"category","embeddable":true,"href":"https:\/\/conakrynews.org\/index.php\/wp-json\/wp\/v2\/categories?post=14715"},{"taxonomy":"post_tag","embeddable":true,"href":"https:\/\/conakrynews.org\/index.php\/wp-json\/wp\/v2\/tags?post=14715"}],"curies":[{"name":"wp","href":"https:\/\/api.w.org\/{rel}","templated":true}]}}