{"id":14741,"date":"2022-08-23T10:02:04","date_gmt":"2022-08-23T10:02:04","guid":{"rendered":"https:\/\/conakrynews.org\/?p=14741"},"modified":"2022-08-23T10:02:04","modified_gmt":"2022-08-23T10:02:04","slug":"ukraine-kiev-reconnait-avoir-perdu-9-000-soldats-depuis-le-debut-de-linvasion-russe","status":"publish","type":"post","link":"https:\/\/conakrynews.org\/index.php\/ukraine-kiev-reconnait-avoir-perdu-9-000-soldats-depuis-le-debut-de-linvasion-russe\/","title":{"rendered":"UKRAINE : Kiev reconna\u00eet avoir perdu 9.000 soldats depuis le d\u00e9but de l\u2019invasion russe"},"content":{"rendered":"<p>L\u2019Ukraine a reconnu lundi que pr\u00e8s de 9.000 de ses soldats avaient \u00e9t\u00e9 tu\u00e9s depuis le d\u00e9but de l\u2019invasion russe, il y a six mois, tandis que l\u2019UE envisage une mission \u00ab d\u2019entrainement \u00bb de l\u2019arm\u00e9e ukrainienne face \u00e0 une \u00ab guerre qui dure \u00bb.<\/p>\n<p>S\u2019exprimant devant un forum \u00e0 Kiev, le commandant en chef de l\u2019arm\u00e9e ukrainienne, le g\u00e9n\u00e9ral Valery Zaloujny, a d\u00e9clar\u00e9 que des enfants ukrainiens avaient besoin d\u2019une attention particuli\u00e8re car leur p\u00e8res \u00e9taient partis sur le front et \u00ab se trouvaient probablement parmi pr\u00e8s de 9.000 h\u00e9ros qui avaient \u00e9t\u00e9 tu\u00e9s \u00bb.<\/p>\n<p>Il s\u2019agit d\u2019une des rarissimes d\u00e9clarations de responsables ukrainiens au sujet de pertes militaires de Kiev dans cette guerre, lanc\u00e9e le 24 f\u00e9vrier par Moscou et qui a mis l\u2019Ukraine \u00e0 feu et \u00e0 sang. La pr\u00e9c\u00e9dente estimation date de la mi-avril, lorsque le pr\u00e9sident ukrainien Volodymyr Zelensky avait \u00e9voqu\u00e9 le chiffre de 3.000 militaires ukrainiens tu\u00e9s et environ 10.000 bless\u00e9s depuis le d\u00e9but de l\u2019offensive russe.<\/p>\n<p>Alors que de nombreux pays europ\u00e9ens fournissent de l\u2019\u00e9quipement militaire \u00e0 l\u2019Ukraine, l\u2019UE envisage d\u2019organiser une mission \u00ab d\u2019entra\u00eenement et d\u2019assistance \u00bb \u00e0 l\u2019arm\u00e9e ukrainienne qui se d\u00e9roulerait dans les pays voisins, a pr\u00e9cis\u00e9 lundi le Haut repr\u00e9sentant de l\u2019UE pour la politique \u00e9trang\u00e8re, Josep Borrell. La proposition sera discut\u00e9e la semaine prochaine \u00e0 Prague lors du Conseil des ministres de la D\u00e9fense des pays membres de l\u2019UE.<\/p>\n<p>\u00ab Une guerre qui dure \u00bb<\/p>\n<p>\u00ab Une guerre qui dure et qui semble devoir durer n\u00e9cessite un effort non seulement en terme de fourniture d\u2019\u00e9quipement, mais aussi d\u2019entra\u00eenement et d\u2019assistance \u00e0 l\u2019organisation de l\u2019arm\u00e9e \u00bb, a comment\u00e9 M. Borrell lors d\u2019une conf\u00e9rence de presse en Espagne. \u00ab Nous sommes face \u00e0 une guerre \u00e0 grande \u00e9chelle \u00bb, \u00ab une guerre conventionnelle \u00bb avec \u00ab de moyens extraordinairement importants et des centaines de milliers de soldats \u00bb , a-t-il expliqu\u00e9.<\/p>\n<p>\u00ab Il ne s\u2019agit pas d\u2019une petite guerre \u00bb, a insist\u00e9 le Haut repr\u00e9sentant de l\u2019UE, de nationalit\u00e9 espagnole. \u00ab Dix millions d\u2019Ukrainiens ont quitt\u00e9 leur pays, c\u2019est comme si 20% des Espagnols avaient quitt\u00e9 l\u2019Espagne \u00bb.<\/p>\n<p>\u00ab On est dans un moment o\u00f9 le front se stabilise. M\u00eame si l\u2019arm\u00e9e russe continue de tenter des offensives (limit\u00e9es), on voit un essoufflement; Moscou est en position d\u00e9fensive sur une grande partie du front et une partie de son arri\u00e8re en Ukraine \u00bb, a d\u00e9clar\u00e9 \u00e0 l\u2019AFP Dimitri Minic, chercheur au Centre Russie\/NEI de l\u2019Institut fran\u00e7ais des relations internationales (IFRI).<\/p>\n<p>Deux avions de l\u2019arm\u00e9e am\u00e9ricaine vont survoler lundi plusieurs pays en Europe du Sud-Est, une nouvelle d\u00e9monstration de force pour souligner \u00ab l\u2019engagement \u00bb des Etats-Unis aux c\u00f4t\u00e9s des membres de l\u2019Otan sur fond de guerre en Ukraine, a annonc\u00e9 pour sa part le commandement am\u00e9ricain. Lundi apr\u00e8s-midi, les bombardiers du type B-52 Stratofortress bas\u00e9s au Royaume-Uni \u00ab effectueront des survols \u00e0 basse altitude du Sud-Est de l\u2019Europe \u00bb, a expliqu\u00e9 l\u2019arm\u00e9e dans un communiqu\u00e9.<\/p>\n<p>Voiture pi\u00e9g\u00e9e \u00e0 Moscou<\/p>\n<p>Sur le terrain en Ukraine, le minist\u00e8re de la D\u00e9fense russe a affirm\u00e9 lundi que ses troupes avaient tu\u00e9 jusqu\u2019\u00e0 100 soldats ukrainiens dans trois diff\u00e9rentes localit\u00e9s de la r\u00e9gion de Donetsk, 30 dans la r\u00e9gion de Zaporojie, ainsi que 50 dans la r\u00e9gion de Mykola\u00efv, dans l\u2019Est de l\u2019Ukraine.<\/p>\n<p>Des dizaines de v\u00e9hicules blind\u00e9s ukrainiens y ont \u00e9t\u00e9 d\u00e9truits, ainsi que huit postes de commandement, un lanceur de syst\u00e8me de missiles antia\u00e9riens Buk-M1 et six d\u00e9p\u00f4ts d\u2019armes et de munitions pour roquettes et artillerie, selon le minist\u00e8re. Les services de s\u00e9curit\u00e9 russes (FSB) ont accus\u00e9 lundi les \u00ab services sp\u00e9ciaux \u00bb ukrainiens d\u2019avoir tu\u00e9 la fille d\u2019un id\u00e9ologue r\u00e9put\u00e9 proche du Kremlin, morte samedi soir dans l\u2019explosion de sa voiture pr\u00e8s de Moscou.<\/p>\n<p>Selon un communiqu\u00e9 du FSB cit\u00e9 par les agences de presse russes, la voiture conduite par Daria Douguina a \u00e9t\u00e9 pi\u00e9g\u00e9e par une femme de nationalit\u00e9 ukrainienne n\u00e9e en 1979, arriv\u00e9e en Russie en juillet avec sa fille mineure. Cette femme ukrainienne se serait ensuite enfuie en Estonie avec sa fille. Journaliste et politologue n\u00e9e en 1992, Daria Douguina \u00e9tait la fille d\u2019Alexandre Douguine, un id\u00e9ologue et \u00e9crivain ultranationaliste promouvant une doctrine expansionniste et farouche partisan de l\u2019offensive russe en Ukraine.<\/p>\n<p>Mise en cause d\u00e8s samedi par des m\u00e9dias russes estimant que la cible de l\u2019attaque \u00e9tait en fait Alexandre Douguine, l\u2019Ukraine avait d\u00e9menti dimanche toute implication dans la mort de Douguina. \u00ab L\u2019Ukraine n\u2019a certainement rien \u00e0 voir avec l\u2019explosion (de samedi), parce que nous ne sommes pas un Etat criminel \u00bb, avait d\u00e9clar\u00e9 un conseiller de la pr\u00e9sidence ukrainienne, Mikha\u00eflo Podoliak.<\/p>\n<p>Avec AFP<\/p>\n","protected":false},"excerpt":{"rendered":"<p>L\u2019Ukraine a reconnu lundi que pr\u00e8s de 9.000 de ses soldats avaient \u00e9t\u00e9 tu\u00e9s depuis le d\u00e9but de l\u2019invasion russe, il y a six mois, tandis que l\u2019UE envisage une mission \u00ab d\u2019entrainement \u00bb de l\u2019arm\u00e9e ukrainienne face \u00e0 une \u00ab guerre qui dure \u00bb. S\u2019exprimant devant un forum \u00e0 Kiev, le commandant en chef [&hellip;]<\/p>\n","protected":false},"author":2,"featured_media":14742,"comment_status":"closed","ping_status":"closed","sticky":false,"template":"","format":"standard","meta":{"footnotes":""},"categories":[58],"tags":[],"class_list":{"0":"post-14741","1":"post","2":"type-post","3":"status-publish","4":"format-standard","5":"has-post-thumbnail","7":"category-societe"},"_links":{"self":[{"href":"https:\/\/conakrynews.org\/index.php\/wp-json\/wp\/v2\/posts\/14741","targetHints":{"allow":["GET"]}}],"collection":[{"href":"https:\/\/conakrynews.org\/index.php\/wp-json\/wp\/v2\/posts"}],"about":[{"href":"https:\/\/conakrynews.org\/index.php\/wp-json\/wp\/v2\/types\/post"}],"author":[{"embeddable":true,"href":"https:\/\/conakrynews.org\/index.php\/wp-json\/wp\/v2\/users\/2"}],"replies":[{"embeddable":true,"href":"https:\/\/conakrynews.org\/index.php\/wp-json\/wp\/v2\/comments?post=14741"}],"version-history":[{"count":0,"href":"https:\/\/conakrynews.org\/index.php\/wp-json\/wp\/v2\/posts\/14741\/revisions"}],"wp:featuredmedia":[{"embeddable":true,"href":"https:\/\/conakrynews.org\/index.php\/wp-json\/wp\/v2\/media\/14742"}],"wp:attachment":[{"href":"https:\/\/conakrynews.org\/index.php\/wp-json\/wp\/v2\/media?parent=14741"}],"wp:term":[{"taxonomy":"category","embeddable":true,"href":"https:\/\/conakrynews.org\/index.php\/wp-json\/wp\/v2\/categories?post=14741"},{"taxonomy":"post_tag","embeddable":true,"href":"https:\/\/conakrynews.org\/index.php\/wp-json\/wp\/v2\/tags?post=14741"}],"curies":[{"name":"wp","href":"https:\/\/api.w.org\/{rel}","templated":true}]}}