{"id":14756,"date":"2022-08-23T12:50:57","date_gmt":"2022-08-23T12:50:57","guid":{"rendered":"https:\/\/conakrynews.org\/?p=14756"},"modified":"2022-08-23T12:50:57","modified_gmt":"2022-08-23T12:50:57","slug":"urgent-la-rencontre-entre-boni-yayi-et-la-classe-politique-reportee-sine-die-faute-dorganisation","status":"publish","type":"post","link":"https:\/\/conakrynews.org\/index.php\/urgent-la-rencontre-entre-boni-yayi-et-la-classe-politique-reportee-sine-die-faute-dorganisation\/","title":{"rendered":"Urgent: La rencontre entre Boni yayi et la classe politique report\u00e9e sine-die, faute d\u2019organisation !"},"content":{"rendered":"<p>La rencontre entre Boni Yayi, le m\u00e9diateur de la c\u00e9d\u00e9ao pour la Guin\u00e9e et la classe politique guin\u00e9enne, initialement pr\u00e9vue ce mardi 23 ao\u00fbt 2022 \u00e0 15 heures, est finalement report\u00e9e \u00e0 une date ult\u00e9rieure. Il semble que beaucoup de formations politiques n\u2019y ont pas \u00e9t\u00e9 convi\u00e9es formellement. Du coup, il vient d\u2019\u00eatre signifi\u00e9 \u00e0 tous par une dame du comit\u00e9 d\u2019organisation que la rencontre est report\u00e9e sans pr\u00e9ciser la nouvelle date.<\/p>\n<p>Avec FIM GUIN\u00c9E<\/p>\n","protected":false},"excerpt":{"rendered":"<p>La rencontre entre Boni Yayi, le m\u00e9diateur de la c\u00e9d\u00e9ao pour la Guin\u00e9e et la classe politique guin\u00e9enne, initialement pr\u00e9vue ce mardi 23 ao\u00fbt 2022 \u00e0 15 heures, est finalement report\u00e9e \u00e0 une date ult\u00e9rieure. Il semble que beaucoup de formations politiques n\u2019y ont pas \u00e9t\u00e9 convi\u00e9es formellement. Du coup, il vient d\u2019\u00eatre signifi\u00e9 \u00e0 [&hellip;]<\/p>\n","protected":false},"author":2,"featured_media":14757,"comment_status":"closed","ping_status":"closed","sticky":false,"template":"","format":"standard","meta":{"footnotes":""},"categories":[57],"tags":[],"class_list":{"0":"post-14756","1":"post","2":"type-post","3":"status-publish","4":"format-standard","5":"has-post-thumbnail","7":"category-politique"},"_links":{"self":[{"href":"https:\/\/conakrynews.org\/index.php\/wp-json\/wp\/v2\/posts\/14756","targetHints":{"allow":["GET"]}}],"collection":[{"href":"https:\/\/conakrynews.org\/index.php\/wp-json\/wp\/v2\/posts"}],"about":[{"href":"https:\/\/conakrynews.org\/index.php\/wp-json\/wp\/v2\/types\/post"}],"author":[{"embeddable":true,"href":"https:\/\/conakrynews.org\/index.php\/wp-json\/wp\/v2\/users\/2"}],"replies":[{"embeddable":true,"href":"https:\/\/conakrynews.org\/index.php\/wp-json\/wp\/v2\/comments?post=14756"}],"version-history":[{"count":0,"href":"https:\/\/conakrynews.org\/index.php\/wp-json\/wp\/v2\/posts\/14756\/revisions"}],"wp:featuredmedia":[{"embeddable":true,"href":"https:\/\/conakrynews.org\/index.php\/wp-json\/wp\/v2\/media\/14757"}],"wp:attachment":[{"href":"https:\/\/conakrynews.org\/index.php\/wp-json\/wp\/v2\/media?parent=14756"}],"wp:term":[{"taxonomy":"category","embeddable":true,"href":"https:\/\/conakrynews.org\/index.php\/wp-json\/wp\/v2\/categories?post=14756"},{"taxonomy":"post_tag","embeddable":true,"href":"https:\/\/conakrynews.org\/index.php\/wp-json\/wp\/v2\/tags?post=14756"}],"curies":[{"name":"wp","href":"https:\/\/api.w.org\/{rel}","templated":true}]}}