{"id":14899,"date":"2022-08-29T11:09:59","date_gmt":"2022-08-29T11:09:59","guid":{"rendered":"https:\/\/conakrynews.org\/?p=14899"},"modified":"2022-08-29T11:09:59","modified_gmt":"2022-08-29T11:09:59","slug":"tribune-lufdg-lufr-la-cored-participeront-elles-au-cadre-de-concertation-inclusif-paul-moussa-diawara","status":"publish","type":"post","link":"https:\/\/conakrynews.org\/index.php\/tribune-lufdg-lufr-la-cored-participeront-elles-au-cadre-de-concertation-inclusif-paul-moussa-diawara\/","title":{"rendered":"Tribune] L\u2019UFDG, l\u2019UFR, la CORED\u2026 participeront-elles au cadre de concertation inclusif ? (Paul Moussa Diawara)"},"content":{"rendered":"<p>La messe est dite. Apr\u00e8s avoir \u00e9cout\u00e9 durant une semaine le CNRD, le Premier ministre, les membres du gouvernement, les forces politiques, sociales, les leaders religieux, les Ambassadeurs du G5 (France, USA, Union europ\u00e9enne, CEDEAO, Nations-Unies), les Ambassadeurs de l\u2019\u00c9gypte, de la Turquie\u2026, Dr Boni Yayi recommande aux partis politiques ayant boud\u00e9 le cadre de concertation mis en place par la junte militaire de rejoindre la plate-forme pour le dialogue inclusif.<\/p>\n<p>\u00ab Le M\u00e9diateur a exhort\u00e9 les partis n\u2019ayant pas encore pris part au cadre de concertation initi\u00e9 par les autorit\u00e9s, lequel cadre pourrait \u00eatre actualis\u00e9 de mani\u00e8re consensuelle, de le faire afin d\u2019assurer une transition apais\u00e9e \u00bb, lit-on dans le communiqu\u00e9 de l\u2019\u00e9missaire de la CEDEAO.<\/p>\n<p>En effet, c\u2019est la conclusion essentielle \u00e0 retenir du s\u00e9jour du m\u00e9diateur de la CEDEAO \u00e0 Conakry.<\/p>\n<p>Boni Yayi dont la vocation de m\u00e9diateur est de rapprocher les positions comme dans tout diff\u00e9rend politique \u00e0 l\u2019image des accords de Linas-Marcoussis en France sur la crise ivoirienne, ne pouvait pas faire mieux. Sans subterfuge, c\u2019est d\u00e9j\u00e0 un succ\u00e8s politique et diplomatique.<\/p>\n<p>A pr\u00e9sent, la voie est balis\u00e9e, la solution sous-r\u00e9gionale s\u2019aligne sur la solution guin\u00e9enne mise en place par les autorit\u00e9s du pays avec le cadre de concertation inclusif.<\/p>\n<p>Ainsi, les yeux sont d\u00e9sormais riv\u00e9s sur l\u2019UFDG\/ANAD, l\u2019UFR qui ont demand\u00e9, exig\u00e9 et obtenu la m\u00e9diation de la CEDEAO par ricochet de la communaut\u00e9 internationale.<\/p>\n<p>A rappeler que la m\u00e9diation c\u2019est la facilitation, la n\u00e9gociation, et non l\u2019imposition ou le diktat.<\/p>\n<p>L\u2019UFDG\/ANAD, l\u2019UFR valideront-elles la recommandation du m\u00e9diateur ? Rien n\u2019est moins s\u00fbr, d\u2019autant plus que leurs revendications loin d\u2019\u00eatre prioritairement politiques en relation avec la marche de la transition et le retour \u00e0 l\u2019ordre constitutionnel, se focalisent sur les questions judiciaires de leurs leaders, devenues la condition sine-qua-non de participation au dialogue.<\/p>\n<p>Par cette d\u00e9marche la transition est prise en otage, le processus bloqu\u00e9 ou ralenti non pas avec les agissements du CNRD qui a cr\u00e9e le cadre de concertation inclusif, mais par le refus d\u00e9lib\u00e9r\u00e9 de ces partis ou coalitions politiques d\u2019y prendre part.<\/p>\n<p>Ceci dit, le CNRD c\u00e9dera t-il au chantage permanent et insupportable d\u2019une certaine classe politique ?<\/p>\n<p>En tout \u00e9tat de cause, si l\u2019UFDG\/ANAD, l\u2019UFR\u2026 venaient \u00e0 bouder le cadre de concertation, ils s\u2019exclueront eux-m\u00eames du processus et le ciel ne tombera pas sur la Guin\u00e9e, la recommandation diplomatique mais ferme du m\u00e9diateur Boni Yayi \u00e9tant la voie du salut. \u00c7a s\u2019appelle le suicide politique car, \u00ab les absents ont toujours tort \u00bb, \u00ab La nature a horreur du vide \u00bb, dit-on.<\/p>\n<p>\u00ab Un homme averti en vaut autant \u00bb, disait l\u2019autre.<\/p>\n<p>Paul Moussa Diawara, membre fondateur du CRAS<\/p>\n","protected":false},"excerpt":{"rendered":"<p>La messe est dite. Apr\u00e8s avoir \u00e9cout\u00e9 durant une semaine le CNRD, le Premier ministre, les membres du gouvernement, les forces politiques, sociales, les leaders religieux, les Ambassadeurs du G5 (France, USA, Union europ\u00e9enne, CEDEAO, Nations-Unies), les Ambassadeurs de l\u2019\u00c9gypte, de la Turquie\u2026, Dr Boni Yayi recommande aux partis politiques ayant boud\u00e9 le cadre de [&hellip;]<\/p>\n","protected":false},"author":2,"featured_media":14900,"comment_status":"closed","ping_status":"closed","sticky":false,"template":"","format":"standard","meta":{"footnotes":""},"categories":[57],"tags":[],"class_list":{"0":"post-14899","1":"post","2":"type-post","3":"status-publish","4":"format-standard","5":"has-post-thumbnail","7":"category-politique"},"_links":{"self":[{"href":"https:\/\/conakrynews.org\/index.php\/wp-json\/wp\/v2\/posts\/14899","targetHints":{"allow":["GET"]}}],"collection":[{"href":"https:\/\/conakrynews.org\/index.php\/wp-json\/wp\/v2\/posts"}],"about":[{"href":"https:\/\/conakrynews.org\/index.php\/wp-json\/wp\/v2\/types\/post"}],"author":[{"embeddable":true,"href":"https:\/\/conakrynews.org\/index.php\/wp-json\/wp\/v2\/users\/2"}],"replies":[{"embeddable":true,"href":"https:\/\/conakrynews.org\/index.php\/wp-json\/wp\/v2\/comments?post=14899"}],"version-history":[{"count":0,"href":"https:\/\/conakrynews.org\/index.php\/wp-json\/wp\/v2\/posts\/14899\/revisions"}],"wp:featuredmedia":[{"embeddable":true,"href":"https:\/\/conakrynews.org\/index.php\/wp-json\/wp\/v2\/media\/14900"}],"wp:attachment":[{"href":"https:\/\/conakrynews.org\/index.php\/wp-json\/wp\/v2\/media?parent=14899"}],"wp:term":[{"taxonomy":"category","embeddable":true,"href":"https:\/\/conakrynews.org\/index.php\/wp-json\/wp\/v2\/categories?post=14899"},{"taxonomy":"post_tag","embeddable":true,"href":"https:\/\/conakrynews.org\/index.php\/wp-json\/wp\/v2\/tags?post=14899"}],"curies":[{"name":"wp","href":"https:\/\/api.w.org\/{rel}","templated":true}]}}