{"id":14938,"date":"2022-08-30T22:34:43","date_gmt":"2022-08-30T22:34:43","guid":{"rendered":"https:\/\/conakrynews.org\/?p=14938"},"modified":"2022-08-30T22:36:37","modified_gmt":"2022-08-30T22:36:37","slug":"le-chef-de-la-junte-guineenne-declare-la-can-2025-projet-prioritaire","status":"publish","type":"post","link":"https:\/\/conakrynews.org\/index.php\/le-chef-de-la-junte-guineenne-declare-la-can-2025-projet-prioritaire\/","title":{"rendered":"Le chef de la junte guin\u00e9enne d\u00e9clare la CAN-2025 projet \u00ab prioritaire \u00bb"},"content":{"rendered":"<p>Doumbouya, le chef de la junte au pouvoir en Guin\u00e9e a fait de l\u2019organisation de la Coupe d\u2019Afrique des nations 2025, attribu\u00e9e \u00e0 son pays, un programme \u00ab prioritaire \u00bb et a conf\u00e9r\u00e9 un caract\u00e8re d\u2019urgence aux d\u00e9penses associ\u00e9es.<\/p>\n<p>L\u2019annonce a \u00e9t\u00e9 faite dans la nuit de lundi \u00e0 mardi avant l\u2019arriv\u00e9e, attendue mardi, d\u2019une mission de la Conf\u00e9d\u00e9ration africaine de football (CAF), qui devrait s\u2019informer de l\u2019avancement du projet sur place jusqu\u2019\u00e0 jeudi.<\/p>\n<p>L\u2019organisation de cet \u00e9v\u00e8nement s\u2019annonce comme un d\u00e9fi pour ce pays pauvre qui manque cruellement d\u2019infrastructures au niveau, qu\u2019il s\u2019agisse d\u2019\u00e9quipements sportifs ou de transports. Le chef de la junte, le colonel Mamady Doumbouya, a nomm\u00e9 en mars un nouveau comit\u00e9 d\u2019organisation, \u00e9vin\u00e7ant l\u2019ancienne \u00e9quipe, dont l\u2019un des membres exprimait publiquement ses doutes quant \u00e0 la faisabilit\u00e9 du projet.<\/p>\n<p>Un d\u00e9cret du colonel Doumbouya lu \u00e0 la t\u00e9l\u00e9vision nationale d\u00e9clare \u00ab d\u2019int\u00e9r\u00eat national et prioritaire \u00bb le programme d\u2019organisation du tournoi.<\/p>\n<p>Toutes les d\u00e9penses pour l\u2019organisation \u00ab sont ex\u00e9cut\u00e9es en urgence \u00bb, dit le d\u00e9cret qui annonce l\u2019ouverture d\u2019un compte sp\u00e9cial au Tr\u00e9sor public.<\/p>\n<p>Les r\u00e9serves fonci\u00e8res affect\u00e9es \u00e0 la CAN sont d\u00e9clar\u00e9es d\u2019utilit\u00e9 publique et toutes les transactions immobili\u00e8res ou les travaux non d\u00e9di\u00e9s \u00e0 la CAN sont interdits sur les sites, stipule le d\u00e9cret.<\/p>\n<p>Les nouvelles autorit\u00e9s en place depuis le coup d\u2019Etat militaire de septembre 2021 ont affirm\u00e9 leur volont\u00e9 d\u2019\u00eatre au rendez-vous de la CAN 2025.<\/p>\n<p>Avec AFP<\/p>\n","protected":false},"excerpt":{"rendered":"<p>Doumbouya, le chef de la junte au pouvoir en Guin\u00e9e a fait de l\u2019organisation de la Coupe d\u2019Afrique des nations 2025, attribu\u00e9e \u00e0 son pays, un programme \u00ab prioritaire \u00bb et a conf\u00e9r\u00e9 un caract\u00e8re d\u2019urgence aux d\u00e9penses associ\u00e9es. L\u2019annonce a \u00e9t\u00e9 faite dans la nuit de lundi \u00e0 mardi avant l\u2019arriv\u00e9e, attendue mardi, d\u2019une [&hellip;]<\/p>\n","protected":false},"author":2,"featured_media":14939,"comment_status":"closed","ping_status":"closed","sticky":false,"template":"","format":"standard","meta":{"footnotes":""},"categories":[57],"tags":[],"class_list":{"0":"post-14938","1":"post","2":"type-post","3":"status-publish","4":"format-standard","5":"has-post-thumbnail","7":"category-politique"},"_links":{"self":[{"href":"https:\/\/conakrynews.org\/index.php\/wp-json\/wp\/v2\/posts\/14938","targetHints":{"allow":["GET"]}}],"collection":[{"href":"https:\/\/conakrynews.org\/index.php\/wp-json\/wp\/v2\/posts"}],"about":[{"href":"https:\/\/conakrynews.org\/index.php\/wp-json\/wp\/v2\/types\/post"}],"author":[{"embeddable":true,"href":"https:\/\/conakrynews.org\/index.php\/wp-json\/wp\/v2\/users\/2"}],"replies":[{"embeddable":true,"href":"https:\/\/conakrynews.org\/index.php\/wp-json\/wp\/v2\/comments?post=14938"}],"version-history":[{"count":0,"href":"https:\/\/conakrynews.org\/index.php\/wp-json\/wp\/v2\/posts\/14938\/revisions"}],"wp:featuredmedia":[{"embeddable":true,"href":"https:\/\/conakrynews.org\/index.php\/wp-json\/wp\/v2\/media\/14939"}],"wp:attachment":[{"href":"https:\/\/conakrynews.org\/index.php\/wp-json\/wp\/v2\/media?parent=14938"}],"wp:term":[{"taxonomy":"category","embeddable":true,"href":"https:\/\/conakrynews.org\/index.php\/wp-json\/wp\/v2\/categories?post=14938"},{"taxonomy":"post_tag","embeddable":true,"href":"https:\/\/conakrynews.org\/index.php\/wp-json\/wp\/v2\/tags?post=14938"}],"curies":[{"name":"wp","href":"https:\/\/api.w.org\/{rel}","templated":true}]}}