{"id":14959,"date":"2022-08-31T20:52:16","date_gmt":"2022-08-31T20:52:16","guid":{"rendered":"https:\/\/conakrynews.org\/?p=14959"},"modified":"2022-08-31T20:52:35","modified_gmt":"2022-08-31T20:52:35","slug":"le-secteur-minier-a-connu-depuis-le-5-septembre-2021-des-avancees-majeures-bernard-goumou","status":"publish","type":"post","link":"https:\/\/conakrynews.org\/index.php\/le-secteur-minier-a-connu-depuis-le-5-septembre-2021-des-avancees-majeures-bernard-goumou\/","title":{"rendered":"\u00ab\u00a0Le secteur minier a connu depuis le 5 septembre 2021, des avanc\u00e9es majeures\u00a0\u00bb, Bernard Goumou"},"content":{"rendered":"\n<p>Pour rassurer les soci\u00e9t\u00e9s mini\u00e8res pr\u00e9sentes en R\u00e9publique de Guin\u00e9e, le ministre des Mines et de la G\u00e9ologie a convi\u00e9 les responsables \u00e0 une rencontre d\u2019\u00e9change. C\u2019est le pr\u00e9mier ministre, chef du gouvernement, Dr Bernard Goumou qui a pr\u00e9sid\u00e9 cette rencontre.<\/p>\n<p>En pr\u00e9sence de plusieurs membres du ministre de son gouvernement, le ministre secr\u00e9taire g\u00e9n\u00e9ral \u00e0 la pr\u00e9sidence et aux invit\u00e9s qui \u00e9taient venus \u00e9couter le nouveau Premier ministre.<\/p>\n<p>Le nouveau patron du palais de la Colombe a d\u00e9clin\u00e9 les attentes du CNRD et de son pr\u00e9sident.: \u00ab dans le cadre de la refondation de l\u2019Etat guin\u00e9en sous le leadership du colonel Mamadi Doumbouya, le secteur minier a connu depuis le 5 septembre 2021, des avanc\u00e9es majeures. Ces r\u00e9sultats positifs ont \u00e9t\u00e9 obtenus gr\u00e2ce \u00e0 la d\u00e9termination et l\u2019engagement personnel du pr\u00e9sident de la transition et gr\u00e2ce \u00e0 vous \u00e9galement. Chers acteurs du secteur minier, par adh\u00e9sion et votre soutien \u00e0 la politique mise en \u0153uvre depuis l\u2019av\u00e8nement du CNRD, soyez en vivement remercier. \u00bb, lance-t-il<\/p>\n<p>Par ailleurs, il a invit\u00e9 les responsables miniers guin\u00e9ens \u00e0 une collaboration franche et sinc\u00e8re avec le gouvernement guin\u00e9en : \u00ab Je vous ai confi\u00e9 aujourd\u2019hui pour vous rassurer et \u00e9changer en tant que partenaires autour des pr\u00e9occupations de chacun d\u2019entre nous afin de trouver ensemble, le meilleur cadre de collaboration. Comme l\u2019avait dit le pr\u00e9sident de la transition d\u00e8s l\u2019av\u00e8nement du CNRD le 5 septembre 2021, \u2018\u2019la Guin\u00e9e respecte et respectera tous les engagements, conventions et accords auxquels elle a souscrit\u2019\u2019. Je peux rassurer ici de la volont\u00e9 du gouvernement de poursuivre la mat\u00e9rialisation de cet engagement. Nous sommes convaincus que ce n\u2019est qu\u2019ensemble que nous pouvons r\u00e9ussir \u00e0 faire de nos projets des r\u00e9alit\u00e9s tangibles. Je r\u00e9it\u00e8re donc la volont\u00e9 manifeste du gouvernement et la ferme d\u00e9termination du pr\u00e9sident de la transition \u00e0 favoriser un climat des affaires plus propice dans notre pays. En plus de vos contributions communautaires qui sont \u00e0 saluer, je vous invite a d\u00e9clar\u00e9 \u00e0 renforcer la cohabitation harmonieuse avec les communaut\u00e9s locales (\u2026). \u00bb, a-t-il mentionn\u00e9<\/p>\n<p>Pour terminer, il a instruit le ministre des Mines et de la G\u00e9ologie \u00e0 recevoir individuellement les soci\u00e9t\u00e9s mini\u00e8res pour \u00e9changer des d\u00e9fis op\u00e9rationnels sp\u00e9cifiques.<\/p>\n<p>\u00ab J\u2019ai instruit le ministre des Mines et de la G\u00e9ologie \u00e0 recevoir individuellement les soci\u00e9t\u00e9s mini\u00e8res pour \u00e9changer des d\u00e9fis op\u00e9rationnels sp\u00e9cifiques de vos entreprises, un rapport sera sanctionn\u00e9 \u00e0 cet effet (\u2026) Je voudrais ici vous dire que je suis un produit des miniers. Alors, travaillons tous pour exploitation mini\u00e8re responsable au b\u00e9n\u00e9fice de toutes les parties prenantes. Je vous renouvelle la main du CNRD, ma disponibilit\u00e9 toute enti\u00e8re et de celle du gouvernement. Et garantir que ma porte vous ai toujours ouverte \u00bb, a-t-il expliqu\u00e9<\/p>\n<p>Mohamed Camara<\/p>\n","protected":false},"excerpt":{"rendered":"<p>Pour rassurer les soci\u00e9t\u00e9s mini\u00e8res pr\u00e9sentes en R\u00e9publique de Guin\u00e9e, le ministre des Mines et de la G\u00e9ologie a convi\u00e9 les responsables \u00e0 une rencontre d\u2019\u00e9change. C\u2019est le pr\u00e9mier ministre, chef du gouvernement, Dr Bernard Goumou qui a pr\u00e9sid\u00e9 cette rencontre. En pr\u00e9sence de plusieurs membres du ministre de son gouvernement, le ministre secr\u00e9taire g\u00e9n\u00e9ral [&hellip;]<\/p>\n","protected":false},"author":2,"featured_media":14960,"comment_status":"closed","ping_status":"closed","sticky":false,"template":"","format":"standard","meta":{"footnotes":""},"categories":[58],"tags":[],"class_list":{"0":"post-14959","1":"post","2":"type-post","3":"status-publish","4":"format-standard","5":"has-post-thumbnail","7":"category-societe"},"_links":{"self":[{"href":"https:\/\/conakrynews.org\/index.php\/wp-json\/wp\/v2\/posts\/14959","targetHints":{"allow":["GET"]}}],"collection":[{"href":"https:\/\/conakrynews.org\/index.php\/wp-json\/wp\/v2\/posts"}],"about":[{"href":"https:\/\/conakrynews.org\/index.php\/wp-json\/wp\/v2\/types\/post"}],"author":[{"embeddable":true,"href":"https:\/\/conakrynews.org\/index.php\/wp-json\/wp\/v2\/users\/2"}],"replies":[{"embeddable":true,"href":"https:\/\/conakrynews.org\/index.php\/wp-json\/wp\/v2\/comments?post=14959"}],"version-history":[{"count":0,"href":"https:\/\/conakrynews.org\/index.php\/wp-json\/wp\/v2\/posts\/14959\/revisions"}],"wp:featuredmedia":[{"embeddable":true,"href":"https:\/\/conakrynews.org\/index.php\/wp-json\/wp\/v2\/media\/14960"}],"wp:attachment":[{"href":"https:\/\/conakrynews.org\/index.php\/wp-json\/wp\/v2\/media?parent=14959"}],"wp:term":[{"taxonomy":"category","embeddable":true,"href":"https:\/\/conakrynews.org\/index.php\/wp-json\/wp\/v2\/categories?post=14959"},{"taxonomy":"post_tag","embeddable":true,"href":"https:\/\/conakrynews.org\/index.php\/wp-json\/wp\/v2\/tags?post=14959"}],"curies":[{"name":"wp","href":"https:\/\/api.w.org\/{rel}","templated":true}]}}