{"id":14964,"date":"2022-09-01T09:22:14","date_gmt":"2022-09-01T09:22:14","guid":{"rendered":"https:\/\/conakrynews.org\/?p=14964"},"modified":"2022-09-01T09:22:14","modified_gmt":"2022-09-01T09:22:14","slug":"palais-mohammed-v-la-mission-dinspection-de-la-caf-recu-par-le-colonel-mamadi-doumbouya","status":"publish","type":"post","link":"https:\/\/conakrynews.org\/index.php\/palais-mohammed-v-la-mission-dinspection-de-la-caf-recu-par-le-colonel-mamadi-doumbouya\/","title":{"rendered":"Palais Mohammed V : la mission d\u2019inspection de la CAF re\u00e7u par le Colonel Mamadi Doumbouya"},"content":{"rendered":"<p>Une mission d\u2019inspection de la Conf\u00e9d\u00e9ration africaine de football (CAF) s\u00e9journe en Guin\u00e9e du 30 au 1er septembre 2022.<\/p>\n<p>Cette d\u00e9l\u00e9gation compos\u00e9e de Mathurin De chacus, Pr\u00e9sident de la F\u00e9d\u00e9ration B\u00e9ninoise de Football, de Moustapha Ishola Raji, Pr\u00e9sident de la F\u00e9d\u00e9ration Lib\u00e9riene de Football, de V\u00e9ron Mosengo-Omba, secr\u00e9taire g\u00e9n\u00e9ral de la CAF, a \u00e9t\u00e9 re\u00e7ue ce mercredi 31 ao\u00fbt 2022 par le Pr\u00e9sident de la Tansition, Chef de l\u2019Etat, le Colonel Mamadi Doumbouya, au Palais Mohammed V.<\/p>\n<p>Apr\u00e8s son entretien avec le ministre guin\u00e9en de la Jeunesse et des Sports, Lansana B\u00e9a Diallo, et le Premier ministre Chef du Gouvernement, Dr Bernard Goumou, par ailleurs Pr\u00e9sident du Comit\u00e9 interminist\u00e9riel d\u2019orientation strat\u00e9gique de la CAN 2025 (COMIOR-CAN 2025), la d\u00e9l\u00e9gation a pu mesurer toute la d\u00e9termination du Pr\u00e9sident de la Transition \u00e0 organiser cette coupe d\u2019Afrique en Guin\u00e9e. Le Colonel Mamadi Doumbouya en a fait une priorit\u00e9 nationale, en impulsant une dynamique gouvernementale visant \u00e0 b\u00e2tir toutes les infrastructures n\u00e9cessaires et indispensables pour une organisation r\u00e9ussie de la CAN.<\/p>\n<p>Le Pr\u00e9sident de la d\u00e9l\u00e9gation de la CAF \u00e0 l\u2019issue de son entretien avec le Chef de l\u2019\u00c9tat, s\u2019est dit confiant et rassur\u00e9 par le dispositif en cours de d\u00e9ploiement par les autorit\u00e9s guin\u00e9ennes pour \u00eatre au rendez-vous de 2025, et ira en rendre compte \u00e0 la Pr\u00e9sidence de la CAF.<\/p>\n<p>Pour sa part, le Colonel Mamadi Doumbouya est cat\u00e9gorique, aucun report ou d\u00e9rogation n\u2019est envisageable et rassure que la Guin\u00e9e va bel et bien organiser la plus grande messe du football africain en 2025, facteur non n\u00e9gligeable pour un investissement massif dans les infrastructures. Il en fait par d\u00e9cret un des d\u00e9fis prioritaires majeurs du pays.<\/p>\n<p>\ud835\uddd7\ud835\uddd6\ud835\udddc-\ud835\udde3\ud835\udde5\ud835\uddda<\/p>\n","protected":false},"excerpt":{"rendered":"<p>Une mission d\u2019inspection de la Conf\u00e9d\u00e9ration africaine de football (CAF) s\u00e9journe en Guin\u00e9e du 30 au 1er septembre 2022. Cette d\u00e9l\u00e9gation compos\u00e9e de Mathurin De chacus, Pr\u00e9sident de la F\u00e9d\u00e9ration B\u00e9ninoise de Football, de Moustapha Ishola Raji, Pr\u00e9sident de la F\u00e9d\u00e9ration Lib\u00e9riene de Football, de V\u00e9ron Mosengo-Omba, secr\u00e9taire g\u00e9n\u00e9ral de la CAF, a \u00e9t\u00e9 re\u00e7ue [&hellip;]<\/p>\n","protected":false},"author":2,"featured_media":14965,"comment_status":"closed","ping_status":"closed","sticky":false,"template":"","format":"standard","meta":{"footnotes":""},"categories":[64],"tags":[],"class_list":{"0":"post-14964","1":"post","2":"type-post","3":"status-publish","4":"format-standard","5":"has-post-thumbnail","7":"category-sport"},"_links":{"self":[{"href":"https:\/\/conakrynews.org\/index.php\/wp-json\/wp\/v2\/posts\/14964","targetHints":{"allow":["GET"]}}],"collection":[{"href":"https:\/\/conakrynews.org\/index.php\/wp-json\/wp\/v2\/posts"}],"about":[{"href":"https:\/\/conakrynews.org\/index.php\/wp-json\/wp\/v2\/types\/post"}],"author":[{"embeddable":true,"href":"https:\/\/conakrynews.org\/index.php\/wp-json\/wp\/v2\/users\/2"}],"replies":[{"embeddable":true,"href":"https:\/\/conakrynews.org\/index.php\/wp-json\/wp\/v2\/comments?post=14964"}],"version-history":[{"count":0,"href":"https:\/\/conakrynews.org\/index.php\/wp-json\/wp\/v2\/posts\/14964\/revisions"}],"wp:featuredmedia":[{"embeddable":true,"href":"https:\/\/conakrynews.org\/index.php\/wp-json\/wp\/v2\/media\/14965"}],"wp:attachment":[{"href":"https:\/\/conakrynews.org\/index.php\/wp-json\/wp\/v2\/media?parent=14964"}],"wp:term":[{"taxonomy":"category","embeddable":true,"href":"https:\/\/conakrynews.org\/index.php\/wp-json\/wp\/v2\/categories?post=14964"},{"taxonomy":"post_tag","embeddable":true,"href":"https:\/\/conakrynews.org\/index.php\/wp-json\/wp\/v2\/tags?post=14964"}],"curies":[{"name":"wp","href":"https:\/\/api.w.org\/{rel}","templated":true}]}}