{"id":15098,"date":"2022-09-04T19:08:04","date_gmt":"2022-09-04T19:08:04","guid":{"rendered":"https:\/\/conakrynews.org\/?p=15098"},"modified":"2022-09-04T19:08:04","modified_gmt":"2022-09-04T19:08:04","slug":"les-autorites-maliennes-liberent-3-des-49-soldats-ivoiriens-detenus-a-bamako","status":"publish","type":"post","link":"https:\/\/conakrynews.org\/index.php\/les-autorites-maliennes-liberent-3-des-49-soldats-ivoiriens-detenus-a-bamako\/","title":{"rendered":"Les autorit\u00e9s maliennes lib\u00e8rent 3 des 49 soldats ivoiriens d\u00e9tenus \u00e0 Bamako"},"content":{"rendered":"<p>Il s\u2019agit d\u2019un \u00ab geste humanitaire \u00bb, selon la diplomatie togolaise, qui fait la m\u00e9diation entre Bamako et Abidjan.<\/p>\n<p>Trois soldates sur un groupe de 49 militaires ivoiriens d\u00e9tenus au Mali, qui les accuse d\u2019\u00eatre des mercenaires, ont \u00e9t\u00e9 lib\u00e9r\u00e9es, ont indiqu\u00e9 samedi des responsables togolais et ivoirien.<\/p>\n<p>\u00ab Je voudrais vous annoncer que le pr\u00e9sident de la transition (\u2026) du Mali Assimi Go\u00efta a accept\u00e9 (\u2026) de proc\u00e9der \u00e0 la lib\u00e9ration de certains prisonniers \u00bb, a d\u00e9clar\u00e9 lors d\u2019une conf\u00e9rence de presse \u00e0 Lom\u00e9 le ministre togolais des Affaires \u00e9trang\u00e8res Robert Dussey.<\/p>\n<p>Le pr\u00e9sident togolais Faure Gnassingb\u00e9 \u00ab se r\u00e9jouit que le pr\u00e9sident Assimi Go\u00efta ait accept\u00e9 de lib\u00e9rer, en guise d\u2019un geste humanitaire, trois prisonniers sur les 49 \u00bb, a-t-il ajout\u00e9, pr\u00e9cisant qu\u2019il s\u2019agissait de \u00ab soldats f\u00e9minins \u00bb.<\/p>\n<p>Il s\u2019exprimait aux c\u00f4t\u00e9s de son homologue malien Abdoulaye Diop et du ministre directeur de cabinet \u00e0 la pr\u00e9sidence ivoirienne Fid\u00e8le Sarassoro. Les femmes lib\u00e9r\u00e9es \u00e9taient \u00e9galement pr\u00e9sentes, en uniforme.<\/p>\n<p>Ces trois lib\u00e9rations avaient \u00e9t\u00e9 annonc\u00e9es \u00e0 l\u2019AFP, un peu plus t\u00f4t dans la journ\u00e9e, par un diplomate malien sous couvert de l\u2019anonymat.<\/p>\n<p>Le procureur malien, Samba Sissoko, a pr\u00e9cis\u00e9 dans un communiqu\u00e9 que le magistrat en charge de l\u2019affaire avait approuv\u00e9 la lib\u00e9ration des trois soldates et l\u2019abandon des charges contre elles.<\/p>\n<p>\u00ab Les discussions sont en cours pour que, tr\u00e8s rapidement, les autres soldats en d\u00e9tention puissent retrouver leur libert\u00e9 totale \u00bb, a poursuivi M. Dussey.<\/p>\n<p>Les 49 soldats avaient \u00e9t\u00e9 inculp\u00e9s mi-ao\u00fbt par la justice malienne, notamment pour \u00ab tentative d\u2019atteinte \u00e0 la s\u00fbret\u00e9 ext\u00e9rieure de l\u2019Etat \u00bb et formellement \u00e9crou\u00e9s.<\/p>\n<p>Plusieurs m\u00e9diations sont en cours pour obtenir leur lib\u00e9ration, dont celle du pr\u00e9sident togolais et de leaders religieux maliens.<\/p>\n<p>Le 10 juillet, 49 soldats ivoiriens en tenue militaire, mais non arm\u00e9s, avaient d\u00e9barqu\u00e9 \u00e0 Bamako d\u2019un avion de la compagnie nationale Air C\u00f4te d\u2019Ivoire, un autre appareil transportant leurs armes.<\/p>\n<p>Ils avaient \u00e9t\u00e9 aussit\u00f4t interpell\u00e9s et interrog\u00e9s sur les raisons de leur pr\u00e9sence au Mali, n\u2019ayant \u00ab ni ordre de mission, ni autorisation \u00bb pour y \u00eatre, selon les autorit\u00e9s maliennes.<\/p>\n<p>D\u00e8s le lendemain, ils avaient \u00e9t\u00e9 accus\u00e9s d\u2019\u00eatre des \u00ab mercenaires \u00bb venus au Mali avec le \u00ab dessein funeste \u00bb de \u00ab briser la dynamique de la refondation et de la s\u00e9curisation du Mali, ainsi que du retour \u00e0 l\u2019ordre constitutionnel \u00bb.<\/p>\n<p>Mais Abidjan assure que ces soldats \u00e9taient en mission pour l\u2019ONU, dans le cadre d\u2019op\u00e9rations de soutien logistique \u00e0 la Mission des Nations unies au Mali (Minusma) et exige leur lib\u00e9ration.<\/p>\n<p>Manquements et incompr\u00e9hensions. <\/p>\n<p>Lors de la conf\u00e9rence de presse de samedi, le ministre directeur de cabinet \u00e0 la pr\u00e9sidence ivoirienne Fid\u00e8le Sarassoro est revenu sur ces interpellations.<\/p>\n<p>\u00ab La R\u00e9publique de la C\u00f4te d\u2019Ivoire d\u00e9plore que des manquements et des incompr\u00e9hensions aient \u00e9t\u00e9 \u00e0 l\u2019origine de cet \u00e9v\u00e9nement fortement regrettable \u00bb, a-t-il soulign\u00e9.<\/p>\n<p>La R\u00e9publique de C\u00f4te d\u2019Ivoire, soucieuse de maintenir des relations de bon voisinage avec le Mali, s\u2019engage \u00e0 respecter les proc\u00e9dures des Nations unies ainsi que les nouvelles r\u00e8gles et dispositions maliennes \u00e9dict\u00e9es, relatives au d\u00e9ploiement des forces militaires au Mali \u00bb, a-t-il ajout\u00e9.<\/p>\n<p>Enfin, \u00ab afin d\u2019aplanir les divergences existantes et de contribuer ainsi \u00e0 la pr\u00e9servation de la paix et de la stabilit\u00e9 dans la sous-r\u00e9gion, la R\u00e9publique de C\u00f4te d\u2019Ivoire, s\u2019engage \u00e0 poursuivre de mani\u00e8re transparente et constructive avec le Mali, les \u00e9changes et les discussions sur tous les sujets d\u2019int\u00e9r\u00eat commun \u00bb, selon lui.<\/p>\n<p>Dans ce dossier, l\u2019ONU avait reconnu des \u00ab dysfonctionnements \u00bb dans une note adress\u00e9e au gouvernement malien et admis que \u00ab certaines mesures n\u2019ont pas \u00e9t\u00e9 suivies \u00bb.<\/p>\n<p>\u00ab La Minusma note que les \u00e9l\u00e9ments ivoiriens ont \u00e9t\u00e9 d\u00e9ploy\u00e9s \u00e0 S\u00e9nou (Bamako) pour assurer la s\u00e9curit\u00e9 \u00e0 la base des NSE allemands dans cette m\u00eame localit\u00e9, au lieu de Tombouctou (nord) o\u00f9 est bas\u00e9 le contingent ivoirien de la Minusma \u00bb, est-il notamment expliqu\u00e9.<\/p>\n<p>Jusqu\u2019\u00e0 la lib\u00e9ration des femmes soldates, cette affaire illustrait les tensions entre le Mali et la C\u00f4te d\u2019Ivoire, accus\u00e9e par Bamako d\u2019avoir incit\u00e9 ses partenaires ouest-africains \u00e0 durcir les sanctions contre les militaires maliens auteurs de deux coups d\u2019Etat depuis 2020, sanctions finalement lev\u00e9es d\u00e9but juillet.<\/p>\n<p>Avec AFP<\/p>\n","protected":false},"excerpt":{"rendered":"<p>Il s\u2019agit d\u2019un \u00ab geste humanitaire \u00bb, selon la diplomatie togolaise, qui fait la m\u00e9diation entre Bamako et Abidjan. Trois soldates sur un groupe de 49 militaires ivoiriens d\u00e9tenus au Mali, qui les accuse d\u2019\u00eatre des mercenaires, ont \u00e9t\u00e9 lib\u00e9r\u00e9es, ont indiqu\u00e9 samedi des responsables togolais et ivoirien. \u00ab Je voudrais vous annoncer que le [&hellip;]<\/p>\n","protected":false},"author":2,"featured_media":15099,"comment_status":"closed","ping_status":"closed","sticky":false,"template":"","format":"standard","meta":{"footnotes":""},"categories":[58],"tags":[],"class_list":{"0":"post-15098","1":"post","2":"type-post","3":"status-publish","4":"format-standard","5":"has-post-thumbnail","7":"category-societe"},"_links":{"self":[{"href":"https:\/\/conakrynews.org\/index.php\/wp-json\/wp\/v2\/posts\/15098","targetHints":{"allow":["GET"]}}],"collection":[{"href":"https:\/\/conakrynews.org\/index.php\/wp-json\/wp\/v2\/posts"}],"about":[{"href":"https:\/\/conakrynews.org\/index.php\/wp-json\/wp\/v2\/types\/post"}],"author":[{"embeddable":true,"href":"https:\/\/conakrynews.org\/index.php\/wp-json\/wp\/v2\/users\/2"}],"replies":[{"embeddable":true,"href":"https:\/\/conakrynews.org\/index.php\/wp-json\/wp\/v2\/comments?post=15098"}],"version-history":[{"count":0,"href":"https:\/\/conakrynews.org\/index.php\/wp-json\/wp\/v2\/posts\/15098\/revisions"}],"wp:featuredmedia":[{"embeddable":true,"href":"https:\/\/conakrynews.org\/index.php\/wp-json\/wp\/v2\/media\/15099"}],"wp:attachment":[{"href":"https:\/\/conakrynews.org\/index.php\/wp-json\/wp\/v2\/media?parent=15098"}],"wp:term":[{"taxonomy":"category","embeddable":true,"href":"https:\/\/conakrynews.org\/index.php\/wp-json\/wp\/v2\/categories?post=15098"},{"taxonomy":"post_tag","embeddable":true,"href":"https:\/\/conakrynews.org\/index.php\/wp-json\/wp\/v2\/tags?post=15098"}],"curies":[{"name":"wp","href":"https:\/\/api.w.org\/{rel}","templated":true}]}}