{"id":15139,"date":"2022-09-06T09:23:42","date_gmt":"2022-09-06T09:23:42","guid":{"rendered":"https:\/\/conakrynews.org\/?p=15139"},"modified":"2022-09-06T09:23:42","modified_gmt":"2022-09-06T09:23:42","slug":"afrique-de-louest-conference-sur-les-medias-et-la-migration","status":"publish","type":"post","link":"https:\/\/conakrynews.org\/index.php\/afrique-de-louest-conference-sur-les-medias-et-la-migration\/","title":{"rendered":"Afrique de l\u2019Ouest : Conf\u00e9rence sur les m\u00e9dias et la migration"},"content":{"rendered":"<p>La conf\u00e9rence vise \u00e0 am\u00e9liorer l&rsquo;acc\u00e8s \u00e0 des informations compl\u00e8tes sur la migration dans la r\u00e9gion. Foto: Kristin Palitza\/dpa<br \/>\nAfrique de l\u2019Ouest : Conf\u00e9rence sur les m\u00e9dias et la migration<\/p>\n<p>L\u2019id\u00e9e est d\u2019am\u00e9liorer l\u2019acc\u00e8s \u00e0 une information compl\u00e8te sur la migration dans la r\u00e9gion.<\/p>\n<p>L\u2019UNESCO organise, du 6 au 8 septembre prochain \u00e0 Niamey, la capitale du Niger, une conf\u00e9rence r\u00e9gionale intitul\u00e9e \u00ab M\u00e9dias et voix de la migration en Afrique de l\u2019Ouest et du Centre \u00bb. L\u2019\u00e9v\u00e9nement r\u00e9unira environ 200 participants (gouvernements, experts, ONG, m\u00e9dias,\u2026) venant de huit pays d\u2019Afrique de l\u2019Ouest et du Centre, \u00e0 savoir : le Cameroun, la C\u00f4te d\u2019Ivoire, le Ghana, la Guin\u00e9e, le Mali, le Niger, le Nigeria et le S\u00e9n\u00e9gal, a indiqu\u00e9 l\u2019UNESCO.<\/p>\n<p>Le d\u00e9bat portera sur les \u00ab enjeux et d\u00e9fis de la diversit\u00e9 des voix de la migration dans les m\u00e9dias \u00bb, les \u00ab m\u00e9dias et repr\u00e9sentation de la migration et des personnes migrantes \u00bb, la \u00ab production de contenus \u00e9ditoriaux sur la migration et facteurs d\u2019influence \u00bb, et l\u2019 \u00ab importance de l\u2019acc\u00e8s \u00e0 l\u2019information compl\u00e8te et de qualit\u00e9 sur la migration \u00bb, a-t-on ajout\u00e9.<\/p>\n<p>Il s\u2019agit d\u2019engager la r\u00e9flexion et de d\u00e9finir les strat\u00e9gies permettant de favoriser la production, en Afrique de l\u2019Ouest et du Centre, d\u2019une \u00ab information juste, \u00e9quilibr\u00e9e et de qualit\u00e9, et d\u2019am\u00e9liorer l\u2019acc\u00e8s \u00e0 l\u2019information compl\u00e8te sur la migration \u00bb, a-t-on affirm\u00e9. Il s\u2019agit aussi de permettre aux populations, notamment les jeunes, de prendre des d\u00e9cisions \u00e9clair\u00e9es en lien avec la migration. La conf\u00e9rence pr\u00e9voit l\u2019adoption d\u2019une d\u00e9claration sur les m\u00e9dias et la migration, par les ministres de la Communication\/Information des huit pays cibl\u00e9s.<\/p>\n<p>Avec dpa-news<\/p>\n","protected":false},"excerpt":{"rendered":"<p>La conf\u00e9rence vise \u00e0 am\u00e9liorer l&rsquo;acc\u00e8s \u00e0 des informations compl\u00e8tes sur la migration dans la r\u00e9gion. Foto: Kristin Palitza\/dpa Afrique de l\u2019Ouest : Conf\u00e9rence sur les m\u00e9dias et la migration L\u2019id\u00e9e est d\u2019am\u00e9liorer l\u2019acc\u00e8s \u00e0 une information compl\u00e8te sur la migration dans la r\u00e9gion. L\u2019UNESCO organise, du 6 au 8 septembre prochain \u00e0 Niamey, la [&hellip;]<\/p>\n","protected":false},"author":2,"featured_media":15140,"comment_status":"closed","ping_status":"closed","sticky":false,"template":"","format":"standard","meta":{"footnotes":""},"categories":[58],"tags":[],"class_list":{"0":"post-15139","1":"post","2":"type-post","3":"status-publish","4":"format-standard","5":"has-post-thumbnail","7":"category-societe"},"_links":{"self":[{"href":"https:\/\/conakrynews.org\/index.php\/wp-json\/wp\/v2\/posts\/15139","targetHints":{"allow":["GET"]}}],"collection":[{"href":"https:\/\/conakrynews.org\/index.php\/wp-json\/wp\/v2\/posts"}],"about":[{"href":"https:\/\/conakrynews.org\/index.php\/wp-json\/wp\/v2\/types\/post"}],"author":[{"embeddable":true,"href":"https:\/\/conakrynews.org\/index.php\/wp-json\/wp\/v2\/users\/2"}],"replies":[{"embeddable":true,"href":"https:\/\/conakrynews.org\/index.php\/wp-json\/wp\/v2\/comments?post=15139"}],"version-history":[{"count":0,"href":"https:\/\/conakrynews.org\/index.php\/wp-json\/wp\/v2\/posts\/15139\/revisions"}],"wp:featuredmedia":[{"embeddable":true,"href":"https:\/\/conakrynews.org\/index.php\/wp-json\/wp\/v2\/media\/15140"}],"wp:attachment":[{"href":"https:\/\/conakrynews.org\/index.php\/wp-json\/wp\/v2\/media?parent=15139"}],"wp:term":[{"taxonomy":"category","embeddable":true,"href":"https:\/\/conakrynews.org\/index.php\/wp-json\/wp\/v2\/categories?post=15139"},{"taxonomy":"post_tag","embeddable":true,"href":"https:\/\/conakrynews.org\/index.php\/wp-json\/wp\/v2\/tags?post=15139"}],"curies":[{"name":"wp","href":"https:\/\/api.w.org\/{rel}","templated":true}]}}