{"id":15149,"date":"2022-09-06T10:03:09","date_gmt":"2022-09-06T10:03:09","guid":{"rendered":"https:\/\/conakrynews.org\/?p=15149"},"modified":"2022-09-06T10:03:09","modified_gmt":"2022-09-06T10:03:09","slug":"le-president-de-la-transition-dissout-plusieurs-conseils-communaux-dont-kouroussa-dinguiraye-mali-decret","status":"publish","type":"post","link":"https:\/\/conakrynews.org\/index.php\/le-president-de-la-transition-dissout-plusieurs-conseils-communaux-dont-kouroussa-dinguiraye-mali-decret\/","title":{"rendered":"Le pr\u00e9sident de la transition dissout plusieurs conseils communaux dont Kouroussa, Dinguiraye, Mali\u2026 (d\u00e9cret)"},"content":{"rendered":"<p>Dans un d\u00e9cret publi\u00e9 ce lundi 5 septembre 2022 \u00e0 la t\u00e9l\u00e9vision nationale, le pr\u00e9sident de la transition, Colonel Mamadi Doumbouya a proc\u00e9d\u00e9 \u00e0 la dissolution de plusieurs conseils communaux du pays pour \u00ab mauvaise gestion et d\u00e9tournement des ressources de la collectivit\u00e9 \u00bb. Ce sont :<\/p>\n<p>Pr\u00e9fecture de K\u00e9rouan\u00e9 : la Commune urbaine de K\u00e9rouan\u00e9 et la Commune rurale de Damaro<\/p>\n<p>Pr\u00e9fecture de Dinguiraye : la commune urbaine de Dinguiraye<\/p>\n<p>Pr\u00e9fecture de Dabola : les communes rurales de Nd\u00e9ma et de Dogomet<\/p>\n<p>Pr\u00e9fecture de Gu\u00e9ck\u00e9dou : la commune urbaine de Gu\u00e9ck\u00e9dou<\/p>\n<p>Pr\u00e9fecture de Kouroussa : la commune urbaine de Kouroussa et la commune rurale de Fadou-Saba<\/p>\n<p>Pr\u00e9fecture de Dalaba : la commune urbaine de Dalaba<\/p>\n<p>Pr\u00e9fecture de Lab\u00e9 : les communes rurales de Garamb\u00e9 et de Kalan<\/p>\n<p>Pr\u00e9fecture de Mali : la commune urbaine de Mali<\/p>\n<p>Pr\u00e9fecture de Coyah : les communes rurales de Wonkifong et de Man\u00e9ah<\/p>\n<p>Pr\u00e9fecture de Dubr\u00e9ka : la commune rurale de Wassou<\/p>\n<p>Pr\u00e9fecture de For\u00e9cariah : les communes rurales de Alassoya et de Benty<\/p>\n<p>Dans le m\u00eame d\u00e9cret, il a \u00e9t\u00e9 demand\u00e9 au ministre de l\u2019Administration du territoire et de la d\u00e9centralisation de mettre en place une d\u00e9l\u00e9gation sp\u00e9ciale pour la conduite des affaires de la collectivit\u00e9 urbaine de ladite commune urbaine.<\/p>\n<p>La R\u00e9daction<\/p>\n","protected":false},"excerpt":{"rendered":"<p>Dans un d\u00e9cret publi\u00e9 ce lundi 5 septembre 2022 \u00e0 la t\u00e9l\u00e9vision nationale, le pr\u00e9sident de la transition, Colonel Mamadi Doumbouya a proc\u00e9d\u00e9 \u00e0 la dissolution de plusieurs conseils communaux du pays pour \u00ab mauvaise gestion et d\u00e9tournement des ressources de la collectivit\u00e9 \u00bb. Ce sont : Pr\u00e9fecture de K\u00e9rouan\u00e9 : la Commune urbaine de [&hellip;]<\/p>\n","protected":false},"author":2,"featured_media":15150,"comment_status":"closed","ping_status":"closed","sticky":false,"template":"","format":"standard","meta":{"footnotes":""},"categories":[57],"tags":[],"class_list":{"0":"post-15149","1":"post","2":"type-post","3":"status-publish","4":"format-standard","5":"has-post-thumbnail","7":"category-politique"},"_links":{"self":[{"href":"https:\/\/conakrynews.org\/index.php\/wp-json\/wp\/v2\/posts\/15149","targetHints":{"allow":["GET"]}}],"collection":[{"href":"https:\/\/conakrynews.org\/index.php\/wp-json\/wp\/v2\/posts"}],"about":[{"href":"https:\/\/conakrynews.org\/index.php\/wp-json\/wp\/v2\/types\/post"}],"author":[{"embeddable":true,"href":"https:\/\/conakrynews.org\/index.php\/wp-json\/wp\/v2\/users\/2"}],"replies":[{"embeddable":true,"href":"https:\/\/conakrynews.org\/index.php\/wp-json\/wp\/v2\/comments?post=15149"}],"version-history":[{"count":0,"href":"https:\/\/conakrynews.org\/index.php\/wp-json\/wp\/v2\/posts\/15149\/revisions"}],"wp:featuredmedia":[{"embeddable":true,"href":"https:\/\/conakrynews.org\/index.php\/wp-json\/wp\/v2\/media\/15150"}],"wp:attachment":[{"href":"https:\/\/conakrynews.org\/index.php\/wp-json\/wp\/v2\/media?parent=15149"}],"wp:term":[{"taxonomy":"category","embeddable":true,"href":"https:\/\/conakrynews.org\/index.php\/wp-json\/wp\/v2\/categories?post=15149"},{"taxonomy":"post_tag","embeddable":true,"href":"https:\/\/conakrynews.org\/index.php\/wp-json\/wp\/v2\/tags?post=15149"}],"curies":[{"name":"wp","href":"https:\/\/api.w.org\/{rel}","templated":true}]}}