{"id":15197,"date":"2022-09-07T10:46:19","date_gmt":"2022-09-07T10:46:19","guid":{"rendered":"https:\/\/conakrynews.org\/?p=15197"},"modified":"2022-09-07T11:26:04","modified_gmt":"2022-09-07T11:26:04","slug":"il-y-a-aucune-campagne-ou-aucune-mesure-qui-dit-que-tel-ne-peut-pas-rentrer-en-guinee","status":"publish","type":"post","link":"https:\/\/conakrynews.org\/index.php\/il-y-a-aucune-campagne-ou-aucune-mesure-qui-dit-que-tel-ne-peut-pas-rentrer-en-guinee\/","title":{"rendered":"Guin\u00e9e:Colonel Amara camara  sur le cas des leaders politiques en exil !"},"content":{"rendered":"<p>Le ministre secr\u00e9taire g\u00e9n\u00e9ral \u00e0 la pr\u00e9sidence ,Colonel Amara Camara et le ministre des t\u00e9l\u00e9communications et porte-parole du gouvernement, Ousmane Gaoual Diallo ont anim\u00e9 une conf\u00e9rence de presse, ce lundi 06 septembre 2022,dans un r\u00e9ceptif h\u00f4telier de la place.<\/p>\n<p>Devant des repr\u00e9sentants des m\u00e9dias, les conf\u00e9renciers ont fait  un expos\u00e9  sur les acquis d&rsquo;un an de Gouvernance  du Comit\u00e9  de  Rassemblement  Pour le d\u00e9veloppement (CNRD) dirig\u00e9 par le Colonel Mamadi Doumbouya, depuis  le 5 Septembre  2021.<\/p>\n<p>Sur la question de l\u2019exil prolong\u00e9 de certains leaders politiques en dehors de la Guin\u00e9e, la r\u00e9ponse du colonel Amara Camara est ferme  : Quelqu\u2019un qui choisit de ne pas rentrer en Guin\u00e9e ne pas \u00eatre appel\u00e9 un exil\u00e9.<\/p>\n<p>\u2019\u2019Sur les leaders en exil, en terme clair moi je ne comprends pas qu\u2019est-ce que vous appelez exil ? Il y a des citoyens qui ont d\u00e9cid\u00e9 de sortir du pays pour des convenances personnelles. Ils pourront rentrer en Guin\u00e9e comme ils veulent puisque rien ne leur interdit de rentrer en Guin\u00e9e. Mais on n\u2019emp\u00eachait plut\u00f4t les gens de sortir du pays. Cette d\u00e9marche l\u00e0, ce changement de paradigme aujourd\u2019hui est une r\u00e9alit\u00e9 qui ne peut pas \u00eatre mis en cause. Assimiler un voyage personnel et un d\u00e9placement priv\u00e9 \u00e0 l\u2019exil \u00e7a rel\u00e8ve d\u2019une man\u0153uvre \u00e0 ternir l\u2019image de notre pays hors de nos fronti\u00e8res, que cela soit dissoci\u00e9 clairement des actions qui sont en train de se passer sur le terrain. Il y a aucune campagne ou aucune mesure qui dit que tel ne peut pas rentrer en Guin\u00e9e. Quelqu\u2019un qui choisit de ne pas rentrer en Guin\u00e9e ne pas \u00eatre appel\u00e9 un exil\u00e9\u2019\u2019, a  expliqu\u00e9 le ministre  secr\u00e9taire g\u00e9n\u00e9ral \u00e0 la pr\u00e9sidence.<\/p>\n<p>Sylla Ibrahima Kalil,pour www.conakrynews.org 625444534<\/p>\n","protected":false},"excerpt":{"rendered":"<p>Le ministre secr\u00e9taire g\u00e9n\u00e9ral \u00e0 la pr\u00e9sidence ,Colonel Amara Camara et le ministre des t\u00e9l\u00e9communications et porte-parole du gouvernement, Ousmane Gaoual Diallo ont anim\u00e9 une conf\u00e9rence de presse, ce lundi 06 septembre 2022,dans un r\u00e9ceptif h\u00f4telier de la place. Devant des repr\u00e9sentants des m\u00e9dias, les conf\u00e9renciers ont fait un expos\u00e9 sur les acquis d&rsquo;un an [&hellip;]<\/p>\n","protected":false},"author":2,"featured_media":15202,"comment_status":"closed","ping_status":"closed","sticky":false,"template":"","format":"standard","meta":{"footnotes":""},"categories":[57],"tags":[],"class_list":{"0":"post-15197","1":"post","2":"type-post","3":"status-publish","4":"format-standard","5":"has-post-thumbnail","7":"category-politique"},"_links":{"self":[{"href":"https:\/\/conakrynews.org\/index.php\/wp-json\/wp\/v2\/posts\/15197","targetHints":{"allow":["GET"]}}],"collection":[{"href":"https:\/\/conakrynews.org\/index.php\/wp-json\/wp\/v2\/posts"}],"about":[{"href":"https:\/\/conakrynews.org\/index.php\/wp-json\/wp\/v2\/types\/post"}],"author":[{"embeddable":true,"href":"https:\/\/conakrynews.org\/index.php\/wp-json\/wp\/v2\/users\/2"}],"replies":[{"embeddable":true,"href":"https:\/\/conakrynews.org\/index.php\/wp-json\/wp\/v2\/comments?post=15197"}],"version-history":[{"count":0,"href":"https:\/\/conakrynews.org\/index.php\/wp-json\/wp\/v2\/posts\/15197\/revisions"}],"wp:featuredmedia":[{"embeddable":true,"href":"https:\/\/conakrynews.org\/index.php\/wp-json\/wp\/v2\/media\/15202"}],"wp:attachment":[{"href":"https:\/\/conakrynews.org\/index.php\/wp-json\/wp\/v2\/media?parent=15197"}],"wp:term":[{"taxonomy":"category","embeddable":true,"href":"https:\/\/conakrynews.org\/index.php\/wp-json\/wp\/v2\/categories?post=15197"},{"taxonomy":"post_tag","embeddable":true,"href":"https:\/\/conakrynews.org\/index.php\/wp-json\/wp\/v2\/tags?post=15197"}],"curies":[{"name":"wp","href":"https:\/\/api.w.org\/{rel}","templated":true}]}}