{"id":15243,"date":"2022-09-08T16:06:43","date_gmt":"2022-09-08T16:06:43","guid":{"rendered":"https:\/\/conakrynews.org\/?p=15243"},"modified":"2022-09-08T16:06:43","modified_gmt":"2022-09-08T16:06:43","slug":"guinee-le-premier-ministre-annonce-la-relance-du-cadre-de-dialogue-en-septembre","status":"publish","type":"post","link":"https:\/\/conakrynews.org\/index.php\/guinee-le-premier-ministre-annonce-la-relance-du-cadre-de-dialogue-en-septembre\/","title":{"rendered":"Guin\u00e9e : Le premier Ministre annonce la relance du cadre de dialogue en septembre"},"content":{"rendered":"<p>\u00c0 l\u2019occasion de l\u2019an 1 de la prise de responsabilit\u00e9 du CNRD, le Premier ministre, Chef du Gouvernement \u00e9tait l\u2019invit\u00e9 de l\u2019\u00e9mission \u2018\u2019On refait le Monde\u2019\u2019 de Djoma m\u00e9dia.<\/p>\n<p>Cette interview de Dr Bernard Goumou a \u00e9t\u00e9 l\u2019occasion de passer en revue les grandes actions r\u00e9alis\u00e9es depuis le 5 septembre 2021 dans le pays. Le Chef du Gouvernement a rappel\u00e9 l\u2019\u00e9tat des lieux avant de pr\u00e9senter les acquis du CNRD sous le leadership du Pr\u00e9sident de la transition, le Colonel Mamadi Doumbouya. \u00ab \u2026 au regard du tissu social effiloch\u00e9, du vivre ensemble \u00e9branl\u00e9, une situation macro\u00e9conomique pas reluisante, l\u2019administration publique inf\u00e9od\u00e9e \u00e0 des int\u00e9r\u00eats personnels et partisans, des recrutements \u00e0 la fonction publique se faisant plut\u00f4t dans les QG des partis politiques que par voie de concours, une justice instrumentalis\u00e9e et manipul\u00e9e. Au lendemain du 5 septembre 2021, l\u2019action gouvernementale a port\u00e9 en premier lieu, sur la rectification institutionnelle avec notamment la lib\u00e9ration des d\u00e9tenus politiques, le retour des exil\u00e9s suivi d\u2019une s\u00e9rie de concertation qui nous ont permis de publier la charte de la transition(..) \u00bb.<br \/>\nSur l\u2019axe macro\u00e9conomique, le locataire du palais de la Colombe soutient qu\u2019en plus de l\u2019appr\u00e9ciation de la monnaie, le gouvernement a r\u00e9ussi \u00e0 travers la direction g\u00e9n\u00e9rale des imp\u00f4ts a augment\u00e9 les recettes de 32%. Il s\u2019est f\u00e9licit\u00e9 du fait que l\u2019\u00e9conomie guin\u00e9enne soit l\u2019une des plus r\u00e9silientes de l\u2019Afrique dans une situation de crise marqu\u00e9e par la pand\u00e9mie de la COVID-19 et le conflit en Ukraine,<\/p>\n<p>Interpell\u00e9 sur son approche du dialogue politique, le Premier ministre q assur\u00e9 qu\u2019il a mandat de mettre tous les acteurs autour de la table afin d\u2019\u00e9changer sans tabou sur toutes les questions. Il compte organiser des rencontres d\u00e8s ce mois de septembre. A ceux qui h\u00e9sitent encore, Dr Goumou s\u2019engage \u00ab \u00e0 toquer \u00e0 leur porte \u00bb pour les encourager \u00e0 rejoindre le cadre de concertation. \u00ab Les probl\u00e8mes des Guin\u00e9ens se discutent entre Guin\u00e9ens \u00bb.<\/p>\n<p>Avec CCG<\/p>\n","protected":false},"excerpt":{"rendered":"<p>\u00c0 l\u2019occasion de l\u2019an 1 de la prise de responsabilit\u00e9 du CNRD, le Premier ministre, Chef du Gouvernement \u00e9tait l\u2019invit\u00e9 de l\u2019\u00e9mission \u2018\u2019On refait le Monde\u2019\u2019 de Djoma m\u00e9dia. Cette interview de Dr Bernard Goumou a \u00e9t\u00e9 l\u2019occasion de passer en revue les grandes actions r\u00e9alis\u00e9es depuis le 5 septembre 2021 dans le pays. Le [&hellip;]<\/p>\n","protected":false},"author":2,"featured_media":15244,"comment_status":"closed","ping_status":"closed","sticky":false,"template":"","format":"standard","meta":{"footnotes":""},"categories":[57],"tags":[],"class_list":{"0":"post-15243","1":"post","2":"type-post","3":"status-publish","4":"format-standard","5":"has-post-thumbnail","7":"category-politique"},"_links":{"self":[{"href":"https:\/\/conakrynews.org\/index.php\/wp-json\/wp\/v2\/posts\/15243","targetHints":{"allow":["GET"]}}],"collection":[{"href":"https:\/\/conakrynews.org\/index.php\/wp-json\/wp\/v2\/posts"}],"about":[{"href":"https:\/\/conakrynews.org\/index.php\/wp-json\/wp\/v2\/types\/post"}],"author":[{"embeddable":true,"href":"https:\/\/conakrynews.org\/index.php\/wp-json\/wp\/v2\/users\/2"}],"replies":[{"embeddable":true,"href":"https:\/\/conakrynews.org\/index.php\/wp-json\/wp\/v2\/comments?post=15243"}],"version-history":[{"count":0,"href":"https:\/\/conakrynews.org\/index.php\/wp-json\/wp\/v2\/posts\/15243\/revisions"}],"wp:featuredmedia":[{"embeddable":true,"href":"https:\/\/conakrynews.org\/index.php\/wp-json\/wp\/v2\/media\/15244"}],"wp:attachment":[{"href":"https:\/\/conakrynews.org\/index.php\/wp-json\/wp\/v2\/media?parent=15243"}],"wp:term":[{"taxonomy":"category","embeddable":true,"href":"https:\/\/conakrynews.org\/index.php\/wp-json\/wp\/v2\/categories?post=15243"},{"taxonomy":"post_tag","embeddable":true,"href":"https:\/\/conakrynews.org\/index.php\/wp-json\/wp\/v2\/tags?post=15243"}],"curies":[{"name":"wp","href":"https:\/\/api.w.org\/{rel}","templated":true}]}}