{"id":15248,"date":"2022-09-08T22:17:04","date_gmt":"2022-09-08T22:17:04","guid":{"rendered":"https:\/\/conakrynews.org\/?p=15248"},"modified":"2022-09-09T07:23:52","modified_gmt":"2022-09-09T07:23:52","slug":"amene-a-intervenir-en-urgence-sur-la-voirue-fortement-endommagee-de-tombo-le-groupe-guicopres-presente-ses-excuses","status":"publish","type":"post","link":"https:\/\/conakrynews.org\/index.php\/amene-a-intervenir-en-urgence-sur-la-voirue-fortement-endommagee-de-tombo-le-groupe-guicopres-presente-ses-excuses\/","title":{"rendered":"Amen\u00e9 \u00e0  intervenir en urgence sur la voirie fortement endommag\u00e9e  de Tombo, le Groupe  GUICOPRES  pr\u00e9sente ses excuses aux usagers(Communiqu\u00e9)"},"content":{"rendered":"<p>Dans un communiqu\u00e9 dont une copie  a \u00e9t\u00e9  transmis \u00e0 la r\u00e9daction de notre  quotidien en ligne, le Groupe GUICOPRES qui a \u00e9t\u00e9 amen\u00e9 \u00e0 intervenir en urgence le 30 ao\u00fbt dernier \u00e0 la demande du minist\u00e8re des Infrastructures et des Transports sur la voirie fortement endommag\u00e9e de Tombo, pr\u00e9sente ses plus sinc\u00e8res excuses  aux usagers impact\u00e9s par cette fermeture pr\u00e9judiciable mais n\u00e9cessaire:<\/p>\n<p>Lisez le communiqu\u00e9:<\/p>\n<p><img loading=\"lazy\" decoding=\"async\" src=\"https:\/\/conakrynews.org\/wp-content\/uploads\/2022\/09\/20220908_214329-720x1024-1-264x375.jpg\" alt=\"\" width=\"264\" height=\"375\" class=\"alignright size-medium wp-image-15249\" srcset=\"https:\/\/conakrynews.org\/wp-content\/uploads\/2022\/09\/20220908_214329-720x1024-1-264x375.jpg 264w, https:\/\/conakrynews.org\/wp-content\/uploads\/2022\/09\/20220908_214329-720x1024-1.jpg 720w\" sizes=\"auto, (max-width: 264px) 100vw, 264px\" \/> <\/p>\n","protected":false},"excerpt":{"rendered":"<p>Dans un communiqu\u00e9 dont une copie a \u00e9t\u00e9 transmis \u00e0 la r\u00e9daction de notre quotidien en ligne, le Groupe GUICOPRES qui a \u00e9t\u00e9 amen\u00e9 \u00e0 intervenir en urgence le 30 ao\u00fbt dernier \u00e0 la demande du minist\u00e8re des Infrastructures et des Transports sur la voirie fortement endommag\u00e9e de Tombo, pr\u00e9sente ses plus sinc\u00e8res excuses aux [&hellip;]<\/p>\n","protected":false},"author":2,"featured_media":15257,"comment_status":"closed","ping_status":"closed","sticky":false,"template":"","format":"standard","meta":{"footnotes":""},"categories":[58],"tags":[],"class_list":{"0":"post-15248","1":"post","2":"type-post","3":"status-publish","4":"format-standard","5":"has-post-thumbnail","7":"category-societe"},"_links":{"self":[{"href":"https:\/\/conakrynews.org\/index.php\/wp-json\/wp\/v2\/posts\/15248","targetHints":{"allow":["GET"]}}],"collection":[{"href":"https:\/\/conakrynews.org\/index.php\/wp-json\/wp\/v2\/posts"}],"about":[{"href":"https:\/\/conakrynews.org\/index.php\/wp-json\/wp\/v2\/types\/post"}],"author":[{"embeddable":true,"href":"https:\/\/conakrynews.org\/index.php\/wp-json\/wp\/v2\/users\/2"}],"replies":[{"embeddable":true,"href":"https:\/\/conakrynews.org\/index.php\/wp-json\/wp\/v2\/comments?post=15248"}],"version-history":[{"count":0,"href":"https:\/\/conakrynews.org\/index.php\/wp-json\/wp\/v2\/posts\/15248\/revisions"}],"wp:featuredmedia":[{"embeddable":true,"href":"https:\/\/conakrynews.org\/index.php\/wp-json\/wp\/v2\/media\/15257"}],"wp:attachment":[{"href":"https:\/\/conakrynews.org\/index.php\/wp-json\/wp\/v2\/media?parent=15248"}],"wp:term":[{"taxonomy":"category","embeddable":true,"href":"https:\/\/conakrynews.org\/index.php\/wp-json\/wp\/v2\/categories?post=15248"},{"taxonomy":"post_tag","embeddable":true,"href":"https:\/\/conakrynews.org\/index.php\/wp-json\/wp\/v2\/tags?post=15248"}],"curies":[{"name":"wp","href":"https:\/\/api.w.org\/{rel}","templated":true}]}}