{"id":15259,"date":"2022-09-08T23:11:42","date_gmt":"2022-09-08T23:11:42","guid":{"rendered":"https:\/\/conakrynews.org\/?p=15259"},"modified":"2022-09-08T23:11:42","modified_gmt":"2022-09-08T23:11:42","slug":"royaume-uni-deces-de-la-reine-elizabeth-ii-apres-70-ans-de-regne","status":"publish","type":"post","link":"https:\/\/conakrynews.org\/index.php\/royaume-uni-deces-de-la-reine-elizabeth-ii-apres-70-ans-de-regne\/","title":{"rendered":"Royaume-Uni: D\u00e9c\u00e8s de la reine Elizabeth II apr\u00e8s 70 ans de r\u00e8gne"},"content":{"rendered":"<p>La reine Elizabeth II, monarque la plus c\u00e9l\u00e8bre de la plan\u00e8te, est d\u00e9c\u00e9d\u00e9e jeudi \u00e0 96 ans dans son ch\u00e2teau \u00e9cossais de Balmoral, sa famille \u00e0 ses c\u00f4t\u00e9s, et son fils le prince Charles lui succ\u00e8de automatiquement.<\/p>\n<p>\u00ab La reine est morte paisiblement \u00e0 Balmoral cet apr\u00e8s-midi. Le Roi et la Reine consort resteront \u00e0 Balmoral ce soir et retourneront \u00e0 Londres demain \u00bb, a indiqu\u00e9 le palais de Buckingham dans un communiqu\u00e9, une annonce accueillie par une \u00e9norme \u00e9motion au Royaume-Uni o\u00f9 Elizabeth II \u00e9tait tr\u00e8s populaire.<\/p>\n<p>Avec AFP<\/p>\n","protected":false},"excerpt":{"rendered":"<p>La reine Elizabeth II, monarque la plus c\u00e9l\u00e8bre de la plan\u00e8te, est d\u00e9c\u00e9d\u00e9e jeudi \u00e0 96 ans dans son ch\u00e2teau \u00e9cossais de Balmoral, sa famille \u00e0 ses c\u00f4t\u00e9s, et son fils le prince Charles lui succ\u00e8de automatiquement. \u00ab La reine est morte paisiblement \u00e0 Balmoral cet apr\u00e8s-midi. Le Roi et la Reine consort resteront \u00e0 [&hellip;]<\/p>\n","protected":false},"author":2,"featured_media":15260,"comment_status":"closed","ping_status":"closed","sticky":false,"template":"","format":"standard","meta":{"footnotes":""},"categories":[58],"tags":[],"class_list":{"0":"post-15259","1":"post","2":"type-post","3":"status-publish","4":"format-standard","5":"has-post-thumbnail","7":"category-societe"},"_links":{"self":[{"href":"https:\/\/conakrynews.org\/index.php\/wp-json\/wp\/v2\/posts\/15259","targetHints":{"allow":["GET"]}}],"collection":[{"href":"https:\/\/conakrynews.org\/index.php\/wp-json\/wp\/v2\/posts"}],"about":[{"href":"https:\/\/conakrynews.org\/index.php\/wp-json\/wp\/v2\/types\/post"}],"author":[{"embeddable":true,"href":"https:\/\/conakrynews.org\/index.php\/wp-json\/wp\/v2\/users\/2"}],"replies":[{"embeddable":true,"href":"https:\/\/conakrynews.org\/index.php\/wp-json\/wp\/v2\/comments?post=15259"}],"version-history":[{"count":0,"href":"https:\/\/conakrynews.org\/index.php\/wp-json\/wp\/v2\/posts\/15259\/revisions"}],"wp:featuredmedia":[{"embeddable":true,"href":"https:\/\/conakrynews.org\/index.php\/wp-json\/wp\/v2\/media\/15260"}],"wp:attachment":[{"href":"https:\/\/conakrynews.org\/index.php\/wp-json\/wp\/v2\/media?parent=15259"}],"wp:term":[{"taxonomy":"category","embeddable":true,"href":"https:\/\/conakrynews.org\/index.php\/wp-json\/wp\/v2\/categories?post=15259"},{"taxonomy":"post_tag","embeddable":true,"href":"https:\/\/conakrynews.org\/index.php\/wp-json\/wp\/v2\/tags?post=15259"}],"curies":[{"name":"wp","href":"https:\/\/api.w.org\/{rel}","templated":true}]}}