{"id":15269,"date":"2022-09-09T09:49:19","date_gmt":"2022-09-09T09:49:19","guid":{"rendered":"https:\/\/conakrynews.org\/?p=15269"},"modified":"2022-09-09T09:50:23","modified_gmt":"2022-09-09T09:50:23","slug":"guinee-compte-rendu-du-jeudi-08-septembre-2022","status":"publish","type":"post","link":"https:\/\/conakrynews.org\/index.php\/guinee-compte-rendu-du-jeudi-08-septembre-2022\/","title":{"rendered":"Guin\u00e9e: Compte rendu du Conseil des ministres du jeudi, 08 Septembre 2022"},"content":{"rendered":"\n<p>La Session Ordinaire du Conseil des Ministres s\u2019est tenue ce jeudi 08 Septembre 2022 de 10H \u00e0 12H, sous la haute Autorit\u00e9 de son Excellence Monsieur le Pr\u00e9sident du CNRD, Pr\u00e9sident de la Transition, Chef de l\u2019Etat, Chef Supr\u00eame des Arm\u00e9es, le Colonel Mamadi DOUMBOUYA.<\/p>\n<p>Les points suivants \u00e9taient inscrits \u00e0 l\u2019ordre du jour :<\/p>\n<p>I. MESSAGE DE SON EXCELLENCE MONSIEUR LE PRESIDENT DE LA TRANSITION.<\/p>\n<p>II. COMPTE RENDU DE LA SESSION ORDINAIRE DU CONSEIL INTERMINISTERIEL<br \/>\nDU MARDI 06 SEPTEMBRE 2022.<\/p>\n<p>III. DECISIONS DU CONSEIL DES MINISTRES<br \/>\nIV. DIVERS<\/p>\n<p>I. MESSAGE DE SON EXCELLENCE MONSIEUR LE PRESIDENT DE LA TRANSITION.<br \/>\nSon Excellence Monsieur le Pr\u00e9sident du CNRD, Pr\u00e9sident de la Transition, Chef de l\u2019Etat, Chef Supr\u00eame des Arm\u00e9es, le Colonel Mamadi DOUMBOUYA a port\u00e9 son message sur trois points essentiels :<\/p>\n<p>Les d\u00e9cisions du Conseil des Ministres,<br \/>\nLes bonnes pratiques des proc\u00e9dures administratives,<br \/>\nLa situation des dividendes vers\u00e9es \u00e0 l\u2019Etat en 2021 par les soci\u00e9t\u00e9s ou entreprises publiques.<br \/>\nAu titre du premier point : le Pr\u00e9sident de la Transition a constat\u00e9 que les sessions des conseils des ministres ont fait l\u2019objet des prises de d\u00e9cisions. Certaines seraient compl\u00e8tement ex\u00e9cut\u00e9es, d\u2019autres en cours d\u2019ex\u00e9cution et les d\u00e9cisions non ex\u00e9cut\u00e9es.<br \/>\nPour les d\u00e9cisions non ex\u00e9cut\u00e9es, le Chef de l\u2019Etat a instruit le Premier Ministre \u00e0 faire le point sur les blocages et d\u2019apporter des solutions urgentes.<br \/>\nSur les bonnes pratiques des proc\u00e9dures administratives \u00e0 adopter : pour le Pr\u00e9sident de la Transition, il est inadmissible qu\u2019apr\u00e8s un an de gouvernance, de constater la lenteur des proc\u00e9dures administratives : dans le traitement et la transmission des courriers, des dossiers du conseil, des demandes d\u2019ordre de mission, des passations de march\u00e9s, des proc\u00e9dures de validation de d\u00e9cisions. A cet effet, il a instruit aux Ministres d\u2019impliquer les cadres techniques de leur d\u00e9partement.<br \/>\nSur la situation des dividendes vers\u00e9es \u00e0 l\u2019Etat en 2021:<br \/>\nPour appr\u00e9cier le rendement et la pertinence des investissements de l\u2019Etat, le Pr\u00e9sident de la Transition a demand\u00e9 au Premier Ministre, et au Ministre de l\u2019Economie, des Finances et du Plan, de lui faire la situation au compte de l\u2019exercice de l\u2019ann\u00e9e 2021 pour toutes les soci\u00e9t\u00e9s dans lesquelles l\u2019Etat est actionnaire, \u00e9galement de relever les manquements constat\u00e9s dans le versement des dividendes de l\u2019\u2019Etat, au plus tard au prochain Conseil des Ministres ( jeudi, 15 septembre).<br \/>\nLe but de cette d\u00e9marche est d\u2019appr\u00e9cier la performance des investissements de l\u2019Etat et de trouver des leviers de financement \u00e0 travers des dividendes vers\u00e9es par les soci\u00e9t\u00e9s et entreprises dans lesquelles l\u2019Etat est actionnaire a-t-il indiqu\u00e9.<br \/>\nPar ailleurs, face au nombre pl\u00e9thorique des \u00e9tablissements publics administratifs (EPA), le Chef de l\u2019Etat a invit\u00e9 le Premier Ministre, de lui faire la situation et l\u2019\u00e9tat des lieux de ces \u00e9tablissements publics, afin de juger de la pertinence du service public rendu \u00e0 travers ces structures et \u00e9viter le chevauchement et le conflit des attributions entre les EPA, les Directions G\u00e9n\u00e9rales et les Directions Nationales. Le but de cet exercice est de d\u00e9cider du maintien ou non de certains EPA.<br \/>\nII. COMPTE RENDU DU CONSEIL INTERMINISTERIEL<\/p>\n<p>A l\u2019occasion de l\u2019AN 1de la prise de responsabilit\u00e9 des forces de d\u00e9fense et de s\u00e9curit\u00e9, le Premier Ministre, Chef du Gouvernement, Docteur Bernard GOMOU \u00e0 fait observer une minute de silence \u00e0 la m\u00e9moire des soldats tomb\u00e9s le 5 septembre 2021.<\/p>\n<p>A cette occasion, le Premier Ministre a exprim\u00e9 sa grande reconnaissance au Pr\u00e9sident de la Transition, Chef de l\u2019\u00c9tat, Chef Supr\u00eame des arm\u00e9es, qui l\u2019a fait le grand honneur de pr\u00e9sider le d\u00e9fil\u00e9 militaire organis\u00e9 \u00e0 la place d\u2019arme du Camps Alpha Yaya Diallo.<br \/>\nAu nom des Ministres, le Chef du Gouvernement a adress\u00e9 ses vives f\u00e9licitations aux respect\u00e9s membres du CNRD, aux officiers et hommes du rang.<\/p>\n<p>Le Premier Ministre a \u00e9galement f\u00e9licit\u00e9 le ministre de l\u2019Administration du Territoire et de la d\u00e9centralisation pour l\u2019am\u00e9lioration constat\u00e9e dans l\u2019organisation mensuelle du samedi de l\u2019assainissement. Toutefois, le Chef du Gouvernement a recommand\u00e9 que les gouverneurs et pr\u00e9fets veillent au suivi et \u00e0 la p\u00e9rennisation de cette action publique dans les villes de l\u2019int\u00e9rieur du pays.<\/p>\n<p>Aussi, le Premier Ministre a attir\u00e9 l\u2019attention des ministres sur la pl\u00e9thore de l\u2019effectif des missions officielles \u00e0 l\u2019\u00e9tranger. D\u00e9sormais, il faudra par un expos\u00e9 de motif :<\/p>\n<p>Justifier la pertinence de la pr\u00e9sence de plus de deux personnes dans une mission ;<br \/>\nRessortir l\u2019impact de la mission pour notre pays ;<br \/>\nPr\u00e9senter un rapport de mission \u00e0 la Primature.<br \/>\nLe Chef du gouvernement a par ailleurs inform\u00e9 du d\u00e9marrage de sa visite suivant un programme pr\u00e9alablement \u00e9tabli dans les minist\u00e8res cette semaine afin des\u2019impr\u00e9gner davantage de leur fonctionnement.<\/p>\n<p>Enfin dans le cadre de la concertation politique et sociale, le Premier Ministre a annonc\u00e9 que le Pr\u00e9sident a instruit de mettre tous les acteurs autour de la table courant Septembre 2022.A cet effet, leministre de l\u2019Administration du territoire et de la D\u00e9centralisation \u00e0 \u00e9t\u00e9 charg\u00e9 de pr\u00e9parer un plan de travail.<br \/>\nAu titre des communications :<br \/>\nLes ministres des sports, des finances et du Budgetont fait une communication conjointe relative \u00e0 l\u2019\u00e9tat des lieux du projet d\u2019organisation de la CAN Guin\u00e9e 2025.<br \/>\nC\u2019\u00e9tait l\u2019occasion pour les Ministres de rassurer le Conseil de la bonne \u00e9volution, et surtout d\u2019exposer les plans de financement de ce projet d\u2019int\u00e9r\u00eat national et prioritaire. A ce jour,166 millions de dollars sont inscrits dans la Loi de finances rectificative pour la construction des infrastructures sportives, routi\u00e8res, h\u00f4teli\u00e8res, sanitaires, hydrauliques, \u00e9nerg\u00e9tiques, s\u00e9curitaires, de t\u00e9l\u00e9communications, conform\u00e9ment aux exigences du cahier des charges de la Conf\u00e9d\u00e9ration Africaine de Football.<\/p>\n<p>III. DECISIONS<\/p>\n<p>I. Communication conjointe<br \/>\nLes Minist\u00e8res de la Jeunesse et des Sports, de l\u2019Economie, des Finances et du Plan et du Budget ont fait une communication relation \u00e0 l\u2019\u00e9tat des lieux du projet d\u2019organisation de la CAN Guin\u00e9e 2025.<br \/>\nLe Conseil a d\u00e9cid\u00e9 :<\/p>\n<p>De mettre \u00e0 disposition les cautions bancaires pour le d\u00e9marrage des travaux de terrassement;<br \/>\nDe trouver une date pr\u00e9cise pour le d\u00e9marrage effective des travaux de la CAN 25 ;<br \/>\nD\u2019identifier clairement ce qui peut \u00eatre visible sur le terrain d\u2019ici le mois de novembre 2022 ;<br \/>\nDe consolider le document de projet cadre de la CAN 25 avec l\u2019ACGP (maitre d\u2019\u0153uvre public) dans un d\u00e9lai de deux semaines ;<br \/>\nDe mettre tout en \u0153uvre pour boucler le financement de la CAN 25 dans un mois ;<br \/>\nDe se faire accompagner par un cabinet international ayant l\u2019expertise av\u00e9r\u00e9e dans l\u2019organisation de la CAN ;<br \/>\nDe structurer le document selon les responsabilit\u00e9s par d\u00e9partements.<br \/>\nII. Minist\u00e8re des Infrastructures et des Transports<br \/>\nCommunication relative \u00e0 l\u2019\u00e9rection de la Direction Nationale de la M\u00e9t\u00e9orologie en Agence.<br \/>\nLe Conseil a not\u00e9 que la Direction Nationale de la M\u00e9t\u00e9orologie est un service qui couvre tout le territoire national et touche tous les secteurs cl\u00e9s de d\u00e9veloppement de notre pays. Qu\u2019elle est charg\u00e9e de la mise en \u0153uvre de la politique du gouvernement dans les domaines de la m\u00e9t\u00e9orologie, de la climatologie et des domaines connexes. A cet effet, a instruit le Ministre des Infrastructures et des Transports de pr\u00e9senter une note technique sur la structuration de l\u2019Agence Nationale de la M\u00e9t\u00e9orologie pour la rendre op\u00e9rationnelle en identifiant tous les services et structures relevant d\u2019elle.<\/p>\n<p>IV. DIVERS<br \/>\n1- Assurant l\u2019int\u00e9rim du Ministre de la Justice, le Ministre Secr\u00e9taire G\u00e9n\u00e9ral du Gouvernement a inform\u00e9 le Conseil de la visite du Procureur Adjoint de la Cour P\u00e9nale Internationale. A cette occasion ils ont effectu\u00e9 une visite hier mercredi 07 Septembre 2022 sur le site devant abriter le proc\u00e8s des \u00e9v\u00e8nements douloureux du 28 Septembre 2009 qui est en phase tr\u00e8s avanc\u00e9e d\u2019ach\u00e8vement.<br \/>\nLa d\u00e9l\u00e9gation a \u00e9galement rencontr\u00e9 les magistrats les plus repr\u00e9sentatifs de notre pays, puis visiter le Centre de Formation Judiciaire et entretenu une audience avec le B\u00e2tonnier de l\u2019Ordre National des Avocats. Il a aussi inform\u00e9 que la visite de cette d\u00e9l\u00e9gation prendra fin ce jeudi 08 Septembre 2022<\/p>\n<p>2- Madame la Ministre de l\u2019Industrie a annonc\u00e9 le lancement des travaux de l\u2019atelier de l\u2019industrie qui ouvre ses portes demain vendredi 09 Septembre 2022.<\/p>\n<p>3- Monsieur le Ministre de l\u2019Administration du Territoire et de la D\u00e9centralisation a fait part du grave incendie survenue dans un centre de Sant\u00e9 de la Pr\u00e9fecture de Coyah.<\/p>\n<p>4- La Ministre en charge du commerce, de l\u2019Industrie et des PME a inform\u00e9 de la tenue d\u2019un atelier le vendredi 09 septembre 2022, portant sur la pr\u00e9sentation du rapport d\u2019\u00e9valuation de la 1\u00e8re \u00e9dition du salon de l\u2019industrie tenue en d\u00e9cembre 2021 et le lancement des travaux pr\u00e9paratoires de la 2\u00e8me \u00e9dition pr\u00e9vue au mois de d\u00e9cembre 2022.<\/p>\n<p>Conakry le 08 Septembre 2022<br \/>\nLe conseil.<\/p>\n","protected":false},"excerpt":{"rendered":"<p>La Session Ordinaire du Conseil des Ministres s\u2019est tenue ce jeudi 08 Septembre 2022 de 10H \u00e0 12H, sous la haute Autorit\u00e9 de son Excellence Monsieur le Pr\u00e9sident du CNRD, Pr\u00e9sident de la Transition, Chef de l\u2019Etat, Chef Supr\u00eame des Arm\u00e9es, le Colonel Mamadi DOUMBOUYA. Les points suivants \u00e9taient inscrits \u00e0 l\u2019ordre du jour : [&hellip;]<\/p>\n","protected":false},"author":2,"featured_media":15270,"comment_status":"closed","ping_status":"closed","sticky":false,"template":"","format":"standard","meta":{"footnotes":""},"categories":[57],"tags":[],"class_list":{"0":"post-15269","1":"post","2":"type-post","3":"status-publish","4":"format-standard","5":"has-post-thumbnail","7":"category-politique"},"_links":{"self":[{"href":"https:\/\/conakrynews.org\/index.php\/wp-json\/wp\/v2\/posts\/15269","targetHints":{"allow":["GET"]}}],"collection":[{"href":"https:\/\/conakrynews.org\/index.php\/wp-json\/wp\/v2\/posts"}],"about":[{"href":"https:\/\/conakrynews.org\/index.php\/wp-json\/wp\/v2\/types\/post"}],"author":[{"embeddable":true,"href":"https:\/\/conakrynews.org\/index.php\/wp-json\/wp\/v2\/users\/2"}],"replies":[{"embeddable":true,"href":"https:\/\/conakrynews.org\/index.php\/wp-json\/wp\/v2\/comments?post=15269"}],"version-history":[{"count":0,"href":"https:\/\/conakrynews.org\/index.php\/wp-json\/wp\/v2\/posts\/15269\/revisions"}],"wp:featuredmedia":[{"embeddable":true,"href":"https:\/\/conakrynews.org\/index.php\/wp-json\/wp\/v2\/media\/15270"}],"wp:attachment":[{"href":"https:\/\/conakrynews.org\/index.php\/wp-json\/wp\/v2\/media?parent=15269"}],"wp:term":[{"taxonomy":"category","embeddable":true,"href":"https:\/\/conakrynews.org\/index.php\/wp-json\/wp\/v2\/categories?post=15269"},{"taxonomy":"post_tag","embeddable":true,"href":"https:\/\/conakrynews.org\/index.php\/wp-json\/wp\/v2\/tags?post=15269"}],"curies":[{"name":"wp","href":"https:\/\/api.w.org\/{rel}","templated":true}]}}