{"id":1528,"date":"2017-09-19T11:04:31","date_gmt":"2017-09-19T09:04:31","guid":{"rendered":"https:\/\/conakrynews.org\/?p=1528"},"modified":"2017-09-19T11:04:31","modified_gmt":"2017-09-19T09:04:31","slug":"boke-trois-groupes-electrogenes-calmer-populations","status":"publish","type":"post","link":"https:\/\/conakrynews.org\/index.php\/boke-trois-groupes-electrogenes-calmer-populations\/","title":{"rendered":"Bok\u00e9: Trois Groupes \u00e9lectrog\u00e8nes pour calmer les populations"},"content":{"rendered":"<p>&nbsp;<\/p>\n<p><img loading=\"lazy\" decoding=\"async\" class=\"alignnone size-full wp-image-1529\" src=\"https:\/\/conakrynews.org\/wp-content\/uploads\/2017\/09\/photo-Bok\u00e9.jpg\" alt=\"\" width=\"300\" height=\"168\" \/>Le gouvernement guin\u00e9en a d\u00e9plor\u00e9 dimanche la situation dans la ville mini\u00e8re de Bok\u00e9, en proie depuis mardi \u00e0 des violences qui ont fait deux morts, de nombreux bless\u00e9s et d\u2019importants d\u00e9g\u00e2ts mat\u00e9riels.<\/p>\n<p>Dans une d\u00e9claration aux m\u00e9dias d\u2019\u00c9tat, le ministre de l\u2019Administration du territoire, le g\u00e9n\u00e9ral Bour\u00e9ima Cond\u00e9, a \u00ab regrett\u00e9 \u00bb dimanche les violences \u00e0 Bok\u00e9 et annonc\u00e9 des mesures pour y mettre un terme. La veille,\u00a0le pr\u00e9sident Alpha Cond\u00e9\u00a0avait limog\u00e9 le pr\u00e9fet de Bok\u00e9, Mohamed Lamine Doumbouya, pour ramener le calme dans cette ville mini\u00e8re\u00a0agit\u00e9e depuis mardi par des manifestations contre l\u2019absence d\u2019eau et d\u2019\u00e9lectricit\u00e9.<\/p>\n<p>\u00ab Depuis le d\u00e9but de ces violences, on d\u00e9plore deux cas de d\u00e9c\u00e8s que le pr\u00e9sident de la R\u00e9publique a fortement d\u00e9plor\u00e9 et (il a demand\u00e9 \u00e0) son Premier ministre (Mamadi Youla) qu\u2019il soit pris de fa\u00e7on diligente des mesures amenant \u00e0 faire la lumi\u00e8re et toute la lumi\u00e8re sur ces deux cas de d\u00e9c\u00e8s et que les \u00e9ventuels coupables r\u00e9pondent devant la loi \u00bb, a d\u00e9clar\u00e9 le ministre.<\/p>\n<p><strong>Des d\u00e9g\u00e2ts mat\u00e9riels importants<\/strong><\/p>\n<p>Selon lui, on d\u00e9nombre \u00e9galement 14 gendarmes, 7 policiers et 57 civils bless\u00e9s, dont 3 graves qui ont \u00e9t\u00e9 \u00e9vacu\u00e9s \u00e0 l\u2019h\u00f4pital de la CBG (Compagnie des bauxites de Guin\u00e9e) \u00e0 Kamsar (50 km \u00e0 l\u2019ouest de Bok\u00e9). Un bilan humain auquel s\u2019ajoute d\u2019importants d\u00e9g\u00e2ts mat\u00e9riels, avec des magasins pill\u00e9s, des locaux de la brigade de gendarmerie et deux camions br\u00fbl\u00e9s, un pick-up et trois motos appartenant aux gendarmes calcin\u00e9s, les archives et le ravitaillement des soldats br\u00fbl\u00e9s ou d\u00e9rob\u00e9s par les manifestants.<\/p>\n<p>\u00ab Le march\u00e9 central a aussi \u00e9t\u00e9 pill\u00e9, deux conteneurs d\u00e9fonc\u00e9s, le village communautaire vandalis\u00e9, le bloc administratif r\u00e9gional vandalis\u00e9s, les v\u00e9hicules de commandement du gouverneur et du pr\u00e9fet caillass\u00e9s \u00bb, a-t-il \u00e9num\u00e9r\u00e9. Des domiciles d\u2019agents de la s\u00e9curit\u00e9 au centre-ville ont \u00e9t\u00e9 vandalis\u00e9s et leurs familles pourchass\u00e9es.<\/p>\n<p><strong>Trois groupes \u00e9lectrog\u00e8nes de secours<\/strong><\/p>\n<p>Le ministre a soulign\u00e9 que des centaines de personnes en provenance ou en partance pour la Gambie, la Guin\u00e9e-Bissau et le S\u00e9n\u00e9gal, et qui feraient l\u2019objet selon lui de racket par les manifestants, \u00e9taient bloqu\u00e9es des deux c\u00f4t\u00e9s de la ville faute de moyen d\u2019\u00e9viter le centre.<\/p>\n<p>Pour calmer la situation, le g\u00e9n\u00e9ral Boureima Cond\u00e9 a annonc\u00e9 que le gouvernement avait envoy\u00e9 trois groupes \u00e9lectrog\u00e8nes pour fournir rapidement du courant \u00e9lectrique \u00e0 Bok\u00e9.<\/p>\n<p>&nbsp;<\/p>\n<p><strong>JA<\/strong><\/p>\n","protected":false},"excerpt":{"rendered":"<p>&nbsp; Le gouvernement guin\u00e9en a d\u00e9plor\u00e9 dimanche la situation dans la ville mini\u00e8re de Bok\u00e9, en proie depuis mardi \u00e0 des violences qui ont fait deux morts, de nombreux bless\u00e9s et d\u2019importants d\u00e9g\u00e2ts mat\u00e9riels. Dans une d\u00e9claration aux m\u00e9dias d\u2019\u00c9tat, le ministre de l\u2019Administration du territoire, le g\u00e9n\u00e9ral Bour\u00e9ima Cond\u00e9, a \u00ab regrett\u00e9 \u00bb dimanche [&hellip;]<\/p>\n","protected":false},"author":2,"featured_media":1529,"comment_status":"open","ping_status":"open","sticky":false,"template":"","format":"image","meta":{"footnotes":""},"categories":[58],"tags":[],"class_list":{"0":"post-1528","1":"post","2":"type-post","3":"status-publish","4":"format-image","5":"has-post-thumbnail","7":"category-societe","8":"post_format-post-format-image"},"_links":{"self":[{"href":"https:\/\/conakrynews.org\/index.php\/wp-json\/wp\/v2\/posts\/1528","targetHints":{"allow":["GET"]}}],"collection":[{"href":"https:\/\/conakrynews.org\/index.php\/wp-json\/wp\/v2\/posts"}],"about":[{"href":"https:\/\/conakrynews.org\/index.php\/wp-json\/wp\/v2\/types\/post"}],"author":[{"embeddable":true,"href":"https:\/\/conakrynews.org\/index.php\/wp-json\/wp\/v2\/users\/2"}],"replies":[{"embeddable":true,"href":"https:\/\/conakrynews.org\/index.php\/wp-json\/wp\/v2\/comments?post=1528"}],"version-history":[{"count":0,"href":"https:\/\/conakrynews.org\/index.php\/wp-json\/wp\/v2\/posts\/1528\/revisions"}],"wp:featuredmedia":[{"embeddable":true,"href":"https:\/\/conakrynews.org\/index.php\/wp-json\/wp\/v2\/media\/1529"}],"wp:attachment":[{"href":"https:\/\/conakrynews.org\/index.php\/wp-json\/wp\/v2\/media?parent=1528"}],"wp:term":[{"taxonomy":"category","embeddable":true,"href":"https:\/\/conakrynews.org\/index.php\/wp-json\/wp\/v2\/categories?post=1528"},{"taxonomy":"post_tag","embeddable":true,"href":"https:\/\/conakrynews.org\/index.php\/wp-json\/wp\/v2\/tags?post=1528"}],"curies":[{"name":"wp","href":"https:\/\/api.w.org\/{rel}","templated":true}]}}