{"id":15286,"date":"2022-09-10T19:39:48","date_gmt":"2022-09-10T19:39:48","guid":{"rendered":"https:\/\/conakrynews.org\/?p=15286"},"modified":"2022-09-10T19:39:48","modified_gmt":"2022-09-10T19:39:48","slug":"missions-officielles-a-letranger-le-pm-exige-un-expose-des-motifs","status":"publish","type":"post","link":"https:\/\/conakrynews.org\/index.php\/missions-officielles-a-letranger-le-pm-exige-un-expose-des-motifs\/","title":{"rendered":"Missions officielles \u00e0 l\u2019Etranger: le PM exige un expos\u00e9 des motifs"},"content":{"rendered":"<p>La question relative au d\u00e9placement des cardes guin\u00e9ens hors du territoire a \u00e9t\u00e9 abord\u00e9e lors du dernier conseil des ministres tenu au palais des nations.<\/p>\n<p>Selon, le compte-rendu du porte-parole du gouvernement, Dr Bernard Goumou a fait remarquer aux ministres, le nombre pl\u00e9thorique de travailleurs effectuant de missions \u00e0 l\u2019\u00e9tranger.<\/p>\n<p>Pour \u00eatre mieux situ\u00e9 sur les raisons des voyages vers l\u2019ext\u00e9rieur du pays, le chef du palais de la colombe exige dor\u00e9navant, un expos\u00e9 des motifs pour chaque d\u00e9partement concern\u00e9.<\/p>\n<p>\u00ab D\u00e9sormais, il faudra par un expos\u00e9 de motif: Justifier la pertinence de la pr\u00e9sence de plus de deux personnes dans une mission ; Ressortir l\u2019impact de la mission pour notre pays ; Pr\u00e9senter un rapport de mission \u00e0 la Primature \u00bb, mentionne ledit document.<\/p>\n<p>D\u2019apr\u00e8s Ousmane Gaoual Diallo, le chef du gouvernement va bient\u00f4t d\u00e9marrer sa visite d\u2019inspection au sein de l\u2019ensemble des minist\u00e8res afin de s\u2019assurer de leur fonctionnement.<\/p>\n<p>AVEC Mosaiqueguinee.com<\/p>\n","protected":false},"excerpt":{"rendered":"<p>La question relative au d\u00e9placement des cardes guin\u00e9ens hors du territoire a \u00e9t\u00e9 abord\u00e9e lors du dernier conseil des ministres tenu au palais des nations. Selon, le compte-rendu du porte-parole du gouvernement, Dr Bernard Goumou a fait remarquer aux ministres, le nombre pl\u00e9thorique de travailleurs effectuant de missions \u00e0 l\u2019\u00e9tranger. Pour \u00eatre mieux situ\u00e9 sur [&hellip;]<\/p>\n","protected":false},"author":2,"featured_media":15287,"comment_status":"closed","ping_status":"closed","sticky":false,"template":"","format":"standard","meta":{"footnotes":""},"categories":[57],"tags":[],"class_list":{"0":"post-15286","1":"post","2":"type-post","3":"status-publish","4":"format-standard","5":"has-post-thumbnail","7":"category-politique"},"_links":{"self":[{"href":"https:\/\/conakrynews.org\/index.php\/wp-json\/wp\/v2\/posts\/15286","targetHints":{"allow":["GET"]}}],"collection":[{"href":"https:\/\/conakrynews.org\/index.php\/wp-json\/wp\/v2\/posts"}],"about":[{"href":"https:\/\/conakrynews.org\/index.php\/wp-json\/wp\/v2\/types\/post"}],"author":[{"embeddable":true,"href":"https:\/\/conakrynews.org\/index.php\/wp-json\/wp\/v2\/users\/2"}],"replies":[{"embeddable":true,"href":"https:\/\/conakrynews.org\/index.php\/wp-json\/wp\/v2\/comments?post=15286"}],"version-history":[{"count":0,"href":"https:\/\/conakrynews.org\/index.php\/wp-json\/wp\/v2\/posts\/15286\/revisions"}],"wp:featuredmedia":[{"embeddable":true,"href":"https:\/\/conakrynews.org\/index.php\/wp-json\/wp\/v2\/media\/15287"}],"wp:attachment":[{"href":"https:\/\/conakrynews.org\/index.php\/wp-json\/wp\/v2\/media?parent=15286"}],"wp:term":[{"taxonomy":"category","embeddable":true,"href":"https:\/\/conakrynews.org\/index.php\/wp-json\/wp\/v2\/categories?post=15286"},{"taxonomy":"post_tag","embeddable":true,"href":"https:\/\/conakrynews.org\/index.php\/wp-json\/wp\/v2\/tags?post=15286"}],"curies":[{"name":"wp","href":"https:\/\/api.w.org\/{rel}","templated":true}]}}