{"id":15309,"date":"2022-09-11T19:47:59","date_gmt":"2022-09-11T19:47:59","guid":{"rendered":"https:\/\/conakrynews.org\/?p=15309"},"modified":"2022-09-11T19:47:59","modified_gmt":"2022-09-11T19:47:59","slug":"royaume-uni-charles-iii-officiellement-proclame-roi","status":"publish","type":"post","link":"https:\/\/conakrynews.org\/index.php\/royaume-uni-charles-iii-officiellement-proclame-roi\/","title":{"rendered":"Royaume Uni: Charles III officiellement proclam\u00e9 roi"},"content":{"rendered":"<p>Charles III a \u00e9t\u00e9 officiellement proclam\u00e9 roi samedi lors d\u2019une r\u00e9union du Conseil d\u2019accession \u00e0 Londres, se disant \u00ab profond\u00e9ment conscient \u00bb des \u00ab devoirs et lourdes responsabilit\u00e9s \u00bb des fonctions dont il h\u00e9rit\u00e9 apr\u00e8s la mort sa m\u00e8re Elizabeth II.<\/p>\n<p>La c\u00e9r\u00e9monie, diffus\u00e9e pour la premi\u00e8re fois \u00e0 la t\u00e9l\u00e9vision, a eu lieu au palais Saint-James en pr\u00e9sence de la nouvelle reine consort Camilla, du nouvel h\u00e9ritier du tr\u00f4ne William, de la Premi\u00e8re ministre Liz Truss et de plusieurs de ses pr\u00e9d\u00e9cesseurs.<\/p>\n<p>Charles, 73 ans, \u00e9tait devenu automatiquement roi d\u00e8s le d\u00e9c\u00e8s de sa m\u00e8re jeudi apr\u00e8s-midi dans sa r\u00e9sidence \u00e9cossaise de Balmoral, \u00e0 l\u2019\u00e2ge de 96 ans et apr\u00e8s 70 ans de r\u00e8gne. Il ne sera couronn\u00e9 qu\u2019\u00e0 une date ult\u00e9rieure, probablement dans plusieurs mois.<\/p>\n<p>Une fois la d\u00e9claration le proclamant lue, le Conseil a prononc\u00e9 en ch\u0153ur \u00ab God Save the King \u00bb, puis s\u2019est d\u00e9plac\u00e9 dans la salle du tr\u00f4ne du palais pour que le roi pr\u00eate serment.<\/p>\n<p>\u00ab Le r\u00e8gne de ma m\u00e8re a \u00e9t\u00e9 in\u00e9gal\u00e9 dans sa dur\u00e9e, son d\u00e9vouement et sa d\u00e9votion \u00bb, a d\u00e9clar\u00e9 le roi dans son discours pr\u00e9c\u00e9dant ce serment solennel, \u00e9voquant une \u00ab perte irr\u00e9parable \u00bb.<\/p>\n<p>\u00ab Je suis profond\u00e9ment conscient de ce grand h\u00e9ritage, des devoirs et des lourdes responsabilit\u00e9s de la souverainet\u00e9, qui me sont d\u00e9sormais transmis \u00bb, a-t-il ajout\u00e9.<\/p>\n<p>Il a salu\u00e9 \u00ab le soutien constant \u00bb de sa femme, la reine consort Camilla, et a confirm\u00e9 vouloir poursuivre la tradition de reverser aux finances publiques les revenus tir\u00e9s du patrimoine de la Couronne (terres, investissements etc.) en \u00e9change d\u2019une allocation annuelle (\u00ab sovereign grant \u00bb) fix\u00e9e \u00e0 15% de ces revenus.<\/p>\n<p>Cette somme repr\u00e9sentait 86,3 millions de livres pour 2021-2022, soit 98 millions d\u2019euros.<\/p>\n<p>A l\u2019ext\u00e9rieur du palais Saint-James, plusieurs centaines de personnes se sont rassembl\u00e9es.<\/p>\n<p>\u00ab Ce qui m\u2019\u00e9meut, c\u2019est leur d\u00e9votion \u00e0 leur pays, leur loyaut\u00e9 \u00bb, observe Nicola Parmar, venue du nord de l\u2019Angleterre.<\/p>\n<p>\u00ab C\u2019est le moment le plus monumental de l\u2019histoire moderne auquel nous avons le privil\u00e8ge de participer \u00bb, explique \u00e0 l\u2019AFP Samantha Camear, 35 ans, qui vit en Floride et passe ses vacances \u00e0 Londres. Elle veut \u00ab dire au revoir \u00bb \u00e0 la reine et \u00ab accueillir \u00bb le nouveau roi.<\/p>\n<p>Avec AFP<\/p>\n","protected":false},"excerpt":{"rendered":"<p>Charles III a \u00e9t\u00e9 officiellement proclam\u00e9 roi samedi lors d\u2019une r\u00e9union du Conseil d\u2019accession \u00e0 Londres, se disant \u00ab profond\u00e9ment conscient \u00bb des \u00ab devoirs et lourdes responsabilit\u00e9s \u00bb des fonctions dont il h\u00e9rit\u00e9 apr\u00e8s la mort sa m\u00e8re Elizabeth II. La c\u00e9r\u00e9monie, diffus\u00e9e pour la premi\u00e8re fois \u00e0 la t\u00e9l\u00e9vision, a eu lieu au [&hellip;]<\/p>\n","protected":false},"author":2,"featured_media":15310,"comment_status":"closed","ping_status":"closed","sticky":false,"template":"","format":"standard","meta":{"footnotes":""},"categories":[57],"tags":[],"class_list":{"0":"post-15309","1":"post","2":"type-post","3":"status-publish","4":"format-standard","5":"has-post-thumbnail","7":"category-politique"},"_links":{"self":[{"href":"https:\/\/conakrynews.org\/index.php\/wp-json\/wp\/v2\/posts\/15309","targetHints":{"allow":["GET"]}}],"collection":[{"href":"https:\/\/conakrynews.org\/index.php\/wp-json\/wp\/v2\/posts"}],"about":[{"href":"https:\/\/conakrynews.org\/index.php\/wp-json\/wp\/v2\/types\/post"}],"author":[{"embeddable":true,"href":"https:\/\/conakrynews.org\/index.php\/wp-json\/wp\/v2\/users\/2"}],"replies":[{"embeddable":true,"href":"https:\/\/conakrynews.org\/index.php\/wp-json\/wp\/v2\/comments?post=15309"}],"version-history":[{"count":0,"href":"https:\/\/conakrynews.org\/index.php\/wp-json\/wp\/v2\/posts\/15309\/revisions"}],"wp:featuredmedia":[{"embeddable":true,"href":"https:\/\/conakrynews.org\/index.php\/wp-json\/wp\/v2\/media\/15310"}],"wp:attachment":[{"href":"https:\/\/conakrynews.org\/index.php\/wp-json\/wp\/v2\/media?parent=15309"}],"wp:term":[{"taxonomy":"category","embeddable":true,"href":"https:\/\/conakrynews.org\/index.php\/wp-json\/wp\/v2\/categories?post=15309"},{"taxonomy":"post_tag","embeddable":true,"href":"https:\/\/conakrynews.org\/index.php\/wp-json\/wp\/v2\/tags?post=15309"}],"curies":[{"name":"wp","href":"https:\/\/api.w.org\/{rel}","templated":true}]}}