{"id":15313,"date":"2022-09-12T10:19:35","date_gmt":"2022-09-12T10:19:35","guid":{"rendered":"https:\/\/conakrynews.org\/?p=15313"},"modified":"2022-09-12T10:19:35","modified_gmt":"2022-09-12T10:19:35","slug":"guinee-mamadi-doumbouya-exige-le-retour-immediat-dalpha-conde-selon-jeuneafrique","status":"publish","type":"post","link":"https:\/\/conakrynews.org\/index.php\/guinee-mamadi-doumbouya-exige-le-retour-immediat-dalpha-conde-selon-jeuneafrique\/","title":{"rendered":"Guin\u00e9e : Mamadi Doumbouya exige le retour imm\u00e9diat d\u2019Alpha Cond\u00e9, selon Jeuneafrique"},"content":{"rendered":"<p>Selon les informations de Jeune Afrique, un bras de fer est engag\u00e9 entre le pr\u00e9sident de la transition guin\u00e9enne et le groupe turc Albayrak, proche du chef de l\u2019\u00c9tat Recep Tayyip Erdogan, afin qu\u2019il facilite le d\u00e9part d\u2019Istanbul d\u2019Alpha Cond\u00e9. Explications.<\/p>\n<p>Le 7 septembre, aux environs de 20 heures, un groupe de militaires guin\u00e9ens a fait irruption au port autonome de Conakry, afin de mettre sous pression le conglom\u00e9rat turc Albayrak. Le pr\u00e9sident de la transition, Mamadi Doumbouya, souhaitait faire passer un message, sous forme d\u2019ultimatum : il donne \u00e0 ses dirigeants 72 heures pour organiser le retour en Guin\u00e9e d\u2019Alpha Cond\u00e9. Sous peine de devoir cesser leurs activit\u00e9s.<\/p>\n<p>L\u2019ire de Doumbouya<\/p>\n<p>Ce groupe avait particip\u00e9 aux pr\u00e9paratifs de l\u2019\u00e9vacuation de l\u2019ancien pr\u00e9sident \u00e0 Istanbul, le 21 mai dernier. Il lui avait mis \u00e0 disposition l\u2019avion qui l\u2019a transport\u00e9, mais aussi la villa dans laquelle il r\u00e9side. C\u2019est d\u2019ailleurs lorsqu\u2019Alpha Cond\u00e9 \u00e9tait encore au pouvoir qu\u2019Albayrak avait sign\u00e9 de gr\u00e9 \u00e0 gr\u00e9 ce contrat d\u2019une dur\u00e9e de vingt cinq ans pour la gestion des marchandises transitant par le port, qui avait d\u00e9clench\u00e9 une gr\u00e8ve parmi les dockers.<\/p>\n<p>Un \u00e9dito de Fran\u00e7ois Soudan publi\u00e9 le 29 ao\u00fbt par Jeune Afrique et intitul\u00e9 \u00ab Alpha Cond\u00e9, un an apr\u00e8s, derniers secrets d\u2019un exil\u00e9 \u00bb, a d\u00e9clench\u00e9 l\u2019ire de Mamadi Doumbouya. Au lendemain de la publication de notre article, le colonel Balla Samoura, haut commandant de la gendarmerie nationale, s\u2019est entretenu avec le pr\u00e9sident de la transition. Allergique aux critiques et assimilant toute recension des faits et gestes de l\u2019ex-chef de l\u2019\u00c9tat \u00e0 une campagne de d\u00e9stabilisation pilot\u00e9e par ce dernier, la junte souhaite en effet qu\u2019il fasse l\u2019objet d\u2019un silence m\u00e9diatique total.<\/p>\n<p>Discr\u00e8tes n\u00e9gociations<\/p>\n<p>Mais, si Alpha Cond\u00e9 est certes parti sans son passeport, il n\u2019emp\u00eache qu\u2019il se trouve \u00e0 Istanbul avec l\u2019accord de Recep Tayyip Erdogan: un retour contre son gr\u00e9 est donc impossible sans l\u2019accord du pr\u00e9sident turc. Et, dans l\u2019entourage de l\u2019ancien homme fort de Conakry, on se dit confiant sur le fait qu\u2019Erdogan ne franchira pas ce pas. D\u00e8s lors, deux autres options restent possibles : que les Turcs puissent donner des garanties \u00e0 Mamadi Doumbouya et dissiper ses craintes et, en dernier recours, qu\u2019Alpha Cond\u00e9 trouve un autre pays d\u2019accueil.<\/p>\n<p>\u00c0 Conakry, les n\u00e9gociations sont discr\u00e8tement men\u00e9es par l\u2019ambassadeur turc Volkan T\u00fcrk Vural. Ce dernier cherche, en vain pour le moment, \u00e0 \u00eatre re\u00e7u par Mamadi Doumbouya afin de lui faire passer un message d\u2019Ankara, d\u00e9sireux de trouver une issue \u00e0 cette crise. Il devait \u00e9galement s\u2019entretenir ce 9 septembre avec le ministre des Affaires \u00e9trang\u00e8res, Morissanda Kouyat\u00e9. En attendant, les travaux de r\u00e9novation de la r\u00e9sidence priv\u00e9e d\u2019Alpha Cond\u00e9 situ\u00e9e dans le quartier hupp\u00e9 de Kip\u00e9, dans la commune de Ratoma, ont \u00e9t\u00e9 relanc\u00e9s en ao\u00fbt\u2026<\/p>\n<p>AvecJeuneafrique.<\/p>\n","protected":false},"excerpt":{"rendered":"<p>Selon les informations de Jeune Afrique, un bras de fer est engag\u00e9 entre le pr\u00e9sident de la transition guin\u00e9enne et le groupe turc Albayrak, proche du chef de l\u2019\u00c9tat Recep Tayyip Erdogan, afin qu\u2019il facilite le d\u00e9part d\u2019Istanbul d\u2019Alpha Cond\u00e9. Explications. Le 7 septembre, aux environs de 20 heures, un groupe de militaires guin\u00e9ens a [&hellip;]<\/p>\n","protected":false},"author":2,"featured_media":15314,"comment_status":"closed","ping_status":"closed","sticky":false,"template":"","format":"standard","meta":{"footnotes":""},"categories":[57],"tags":[],"class_list":{"0":"post-15313","1":"post","2":"type-post","3":"status-publish","4":"format-standard","5":"has-post-thumbnail","7":"category-politique"},"_links":{"self":[{"href":"https:\/\/conakrynews.org\/index.php\/wp-json\/wp\/v2\/posts\/15313","targetHints":{"allow":["GET"]}}],"collection":[{"href":"https:\/\/conakrynews.org\/index.php\/wp-json\/wp\/v2\/posts"}],"about":[{"href":"https:\/\/conakrynews.org\/index.php\/wp-json\/wp\/v2\/types\/post"}],"author":[{"embeddable":true,"href":"https:\/\/conakrynews.org\/index.php\/wp-json\/wp\/v2\/users\/2"}],"replies":[{"embeddable":true,"href":"https:\/\/conakrynews.org\/index.php\/wp-json\/wp\/v2\/comments?post=15313"}],"version-history":[{"count":0,"href":"https:\/\/conakrynews.org\/index.php\/wp-json\/wp\/v2\/posts\/15313\/revisions"}],"wp:featuredmedia":[{"embeddable":true,"href":"https:\/\/conakrynews.org\/index.php\/wp-json\/wp\/v2\/media\/15314"}],"wp:attachment":[{"href":"https:\/\/conakrynews.org\/index.php\/wp-json\/wp\/v2\/media?parent=15313"}],"wp:term":[{"taxonomy":"category","embeddable":true,"href":"https:\/\/conakrynews.org\/index.php\/wp-json\/wp\/v2\/categories?post=15313"},{"taxonomy":"post_tag","embeddable":true,"href":"https:\/\/conakrynews.org\/index.php\/wp-json\/wp\/v2\/tags?post=15313"}],"curies":[{"name":"wp","href":"https:\/\/api.w.org\/{rel}","templated":true}]}}