{"id":15370,"date":"2022-09-14T12:39:40","date_gmt":"2022-09-14T12:39:40","guid":{"rendered":"https:\/\/conakrynews.org\/?p=15370"},"modified":"2022-09-14T12:39:40","modified_gmt":"2022-09-14T12:39:40","slug":"migrations-lallemagne-fournit-deux-postes-frontieres-mobiles-au-tchad","status":"publish","type":"post","link":"https:\/\/conakrynews.org\/index.php\/migrations-lallemagne-fournit-deux-postes-frontieres-mobiles-au-tchad\/","title":{"rendered":"Migrations: L\u2019Allemagne fournit deux postes fronti\u00e8res mobiles au Tchad"},"content":{"rendered":"<p>Ces postes-fronti\u00e8res font partie du \u00ab Projet de s\u00e9curit\u00e9 et de stabilisation dans le nord du Tchad \u00bb, financ\u00e9 \u00e0 hauteur de 5 millions d\u2019euros par le minist\u00e8re f\u00e9d\u00e9ral allemand des Affaires \u00e9trang\u00e8res.<\/p>\n<p>La R\u00e9publique f\u00e9d\u00e9rale d\u2019Allemagne a remis deux postes fronti\u00e8res mobiles au Tchad pour aider ce pays sah\u00e9lien \u00e0 g\u00e9rer les migrations sur ses fronti\u00e8res nord avec le Niger et la Libye, o\u00f9 des flux migratoires record ont \u00e9t\u00e9 observ\u00e9s ces derni\u00e8res ann\u00e9es. Il s\u2019agit d\u2019un don s\u2019inscrivant dans le cadre du \u00ab Projet de s\u00e9curit\u00e9 et de stabilisation au Nord du Tchad \u00bb (Balke), financ\u00e9 \u00e0 hauteur de 5 millions d\u2019euros par le minist\u00e8re f\u00e9d\u00e9ral allemand des Affaires \u00e9trang\u00e8res (AA). Ce projet (ao\u00fbt 2020 \u2013 juillet 2023) est mis en \u0153uvre par l\u2019Organisation internationale pour les migrations (OIM).<br \/>\nLes deux postes fronti\u00e8res mobiles consistent en deux grands camions \u00e9quip\u00e9s d\u2019ordinateurs, de stations d\u2019analyse d\u2019empreintes digitales et de documents m\u00e9dico-l\u00e9gaux, d\u2019un g\u00e9n\u00e9rateur et de panneaux solaires, a indiqu\u00e9 l\u2019OIM. Chaque camion est enti\u00e8rement \u00e9quip\u00e9 du syst\u00e8me d\u2019information et d\u2019analyse des donn\u00e9es sur la migration (MIDAS), l\u2019outil phare de l\u2019OIM permettant aux \u00c9tats de collecter des donn\u00e9es sur les flux migratoires et de fournir une base statistique solide pour l\u2019\u00e9laboration de politiques migratoires. Les deux camions ont \u00e9t\u00e9 mis \u00e0 la disposition du minist\u00e8re tchadien de la S\u00e9curit\u00e9 publique et de l\u2019Immigration.<\/p>\n<p>Ils seront d\u00e9ploy\u00e9s dans des zones frontali\u00e8res cl\u00e9s \u00e0 Ounianga-K\u00e9bir et Zouar, dans les provinces du Nord du Tchad, \u00e0 la fronti\u00e8re avec la Libye et le Niger, o\u00f9 des flux migratoires record ont \u00e9t\u00e9 observ\u00e9s ces derni\u00e8res ann\u00e9es, selon l\u2019OIM. Ils \u00ab permettront aux autorit\u00e9s tchadiennes de g\u00e9rer efficacement leurs fronti\u00e8res, de faciliter les mouvements transfrontaliers r\u00e9guliers et de d\u00e9tecter les flux irr\u00e9guliers aux principaux points de passage \u00bb, a d\u00e9clar\u00e9 Anne Kathrin Schaefer, Cheffe de Mission de l\u2019OIM au Tchad.<\/p>\n<p>\u00ab Le Tchad est devenu un carrefour cl\u00e9 pour les migrations en direction de la Libye et de l\u2019Europe, et nous constatons des flux records de migrants et de voyageurs en provenance des pays voisins ainsi que d\u2019autres parties du continent, ce qui souligne la n\u00e9cessit\u00e9 d\u2019une action renforc\u00e9e pour g\u00e9rer les fronti\u00e8res \u00bb, a dit le ministre tchadien de la S\u00e9curit\u00e9 publique et de l\u2019Immigration, Idriss Dokony Adiker.<\/p>\n<p>Avec dpa-news <\/p>\n","protected":false},"excerpt":{"rendered":"<p>Ces postes-fronti\u00e8res font partie du \u00ab Projet de s\u00e9curit\u00e9 et de stabilisation dans le nord du Tchad \u00bb, financ\u00e9 \u00e0 hauteur de 5 millions d\u2019euros par le minist\u00e8re f\u00e9d\u00e9ral allemand des Affaires \u00e9trang\u00e8res. La R\u00e9publique f\u00e9d\u00e9rale d\u2019Allemagne a remis deux postes fronti\u00e8res mobiles au Tchad pour aider ce pays sah\u00e9lien \u00e0 g\u00e9rer les migrations sur [&hellip;]<\/p>\n","protected":false},"author":2,"featured_media":15371,"comment_status":"closed","ping_status":"closed","sticky":false,"template":"","format":"standard","meta":{"footnotes":""},"categories":[58],"tags":[],"class_list":{"0":"post-15370","1":"post","2":"type-post","3":"status-publish","4":"format-standard","5":"has-post-thumbnail","7":"category-societe"},"_links":{"self":[{"href":"https:\/\/conakrynews.org\/index.php\/wp-json\/wp\/v2\/posts\/15370","targetHints":{"allow":["GET"]}}],"collection":[{"href":"https:\/\/conakrynews.org\/index.php\/wp-json\/wp\/v2\/posts"}],"about":[{"href":"https:\/\/conakrynews.org\/index.php\/wp-json\/wp\/v2\/types\/post"}],"author":[{"embeddable":true,"href":"https:\/\/conakrynews.org\/index.php\/wp-json\/wp\/v2\/users\/2"}],"replies":[{"embeddable":true,"href":"https:\/\/conakrynews.org\/index.php\/wp-json\/wp\/v2\/comments?post=15370"}],"version-history":[{"count":0,"href":"https:\/\/conakrynews.org\/index.php\/wp-json\/wp\/v2\/posts\/15370\/revisions"}],"wp:featuredmedia":[{"embeddable":true,"href":"https:\/\/conakrynews.org\/index.php\/wp-json\/wp\/v2\/media\/15371"}],"wp:attachment":[{"href":"https:\/\/conakrynews.org\/index.php\/wp-json\/wp\/v2\/media?parent=15370"}],"wp:term":[{"taxonomy":"category","embeddable":true,"href":"https:\/\/conakrynews.org\/index.php\/wp-json\/wp\/v2\/categories?post=15370"},{"taxonomy":"post_tag","embeddable":true,"href":"https:\/\/conakrynews.org\/index.php\/wp-json\/wp\/v2\/tags?post=15370"}],"curies":[{"name":"wp","href":"https:\/\/api.w.org\/{rel}","templated":true}]}}