{"id":15393,"date":"2022-09-15T11:02:27","date_gmt":"2022-09-15T11:02:27","guid":{"rendered":"https:\/\/conakrynews.org\/?p=15393"},"modified":"2022-09-15T11:02:27","modified_gmt":"2022-09-15T11:02:27","slug":"abidjan-exige-la-liberation-des-militaires-detenus-au-mali-et-en-appelle-a-la-cedeao","status":"publish","type":"post","link":"https:\/\/conakrynews.org\/index.php\/abidjan-exige-la-liberation-des-militaires-detenus-au-mali-et-en-appelle-a-la-cedeao\/","title":{"rendered":"Abidjan exige la lib\u00e9ration des militaires d\u00e9tenus au Mali et en appelle \u00e0 la C\u00e9d\u00e9ao"},"content":{"rendered":"<p>Abidjan exprime son indignation et exige la lib\u00e9ration \u00ab sans d\u00e9lais \u00bb des 46 militaires d\u00e9tenus au Mali depuis deux mois. Dans une d\u00e9claration lue ce mercredi apr\u00e8s-midi devant les m\u00e9dias, les autorit\u00e9s ivoiriennes d\u00e9noncent officiellement ce qu\u2019elles estiment \u00eatre \u00ab une prise d\u2019otage \u00bb. En effet, les autorit\u00e9s maliennes exigent l\u2019extradition de responsables politiques maliens \u00e9tablis en C\u00f4te d\u2019Ivoire, en \u00ab contrepartie \u00bb de la lib\u00e9ration des militaires ivoiriens. Une requ\u00eate mal per\u00e7ue par les autorit\u00e9s d\u2019Abidjan, qui ont tenu un Conseil national de s\u00e9curit\u00e9 ce mercredi matin.<\/p>\n<p>Dans cette d\u00e9claration, les autorit\u00e9s r\u00e9it\u00e8rent leur version des faits : les 49 militaires envoy\u00e9s au Mali ne sont pas des mercenaires, ils appartiennent au 8e d\u00e9tachement de la Minusma. Les autorit\u00e9s ivoiriennes regrettent des \u00ab incompr\u00e9hensions et des manquements \u00bb qui ont conduit \u00e0 leur arrestation.<\/p>\n<p>Le Conseil national de S\u00e9curit\u00e9 d\u00e9nonce, par ailleurs, les conditions pos\u00e9es par Bamako pour lib\u00e9rer les 46 soldats toujours en d\u00e9tention : Abidjan critique un \u00ab chantage inacceptable \u00bb, et rappelle que la C\u00f4te d\u2019Ivoire est un pays \u00ab attach\u00e9 \u00e0 la paix, \u00e0 la stabilit\u00e9 et \u00e0 l\u2019\u00c9tat de droit dans la sous-r\u00e9gion. \u00bb<\/p>\n<p>Abidjan demande la tenue d\u2019une r\u00e9union extraordinaire de la C\u00e9d\u00e9ao. Plusieurs chefs d\u2019\u00c9tat se sont jusque-l\u00e0 impliqu\u00e9s, rappelle le communiqu\u00e9, \u00e0 l\u2019image du Togolais Faure Gnassingb\u00e9 et du S\u00e9n\u00e9galais Macky Sall. Les autorit\u00e9s ivoiriennes misent sur la voie diplomatique pour r\u00e9soudre cette crise.<\/p>\n<p>Du c\u00f4t\u00e9 de la C\u00e9d\u00e9ao justement, le pr\u00e9sident de la Guin\u00e9e-Bissao, pr\u00e9sident en exercice de l\u2019institution, Umaro Sissoco Embal\u00f3 consulte et centralises les points de vues. La m\u00e9diation togolaise, poursuit ses efforts et d\u2019autres pays apportent leur touche personnelle, rapporte notre correspondant dans la r\u00e9gion Serge Daniel.<\/p>\n<p>Par exemple, d\u2019apr\u00e8s nos informations, le colonel Mamadi Doumbouya, chef de la junte guin\u00e9enne a r\u00e9cemment demand\u00e9 \u00e0 Bamako de lib\u00e9rer les militaires ivoiriens encore d\u00e9tenus en pr\u00e9cisant qu\u2019il \u00e9tait lui m\u00eame volontaire pour venir les chercher et les ramener \u00e0 Abidjan.<\/p>\n<p>La contrepartie exig\u00e9e d\u00e9sormais par le gouvernement malien ne passe pas aupr\u00e8s de la quasi totalit\u00e9 des pays membres de la C\u00e9d\u00e9ao, qui affichent d\u00e9sormais leur inqui\u00e9tude et en m\u00eame temps leur soutien \u00e0 la C\u00f4te d\u2019Ivoire en y d\u00e9p\u00eachant des \u00e9missaires. Au sein de l\u2019institution sous r\u00e9gionale, on annonce deux r\u00e9unions sur le sujet au moins une r\u00e9union la semaine prochaine \u00e0 New York en marge de l\u2019Assembl\u00e9e g\u00e9n\u00e9rale de l\u2019ONU. Et le ton pourrait mont\u00e9 contre le Mali.<\/p>\n<p>Avec RFI<\/p>\n","protected":false},"excerpt":{"rendered":"<p>Abidjan exprime son indignation et exige la lib\u00e9ration \u00ab sans d\u00e9lais \u00bb des 46 militaires d\u00e9tenus au Mali depuis deux mois. Dans une d\u00e9claration lue ce mercredi apr\u00e8s-midi devant les m\u00e9dias, les autorit\u00e9s ivoiriennes d\u00e9noncent officiellement ce qu\u2019elles estiment \u00eatre \u00ab une prise d\u2019otage \u00bb. En effet, les autorit\u00e9s maliennes exigent l\u2019extradition de responsables politiques [&hellip;]<\/p>\n","protected":false},"author":2,"featured_media":15394,"comment_status":"closed","ping_status":"closed","sticky":false,"template":"","format":"standard","meta":{"footnotes":""},"categories":[58],"tags":[],"class_list":{"0":"post-15393","1":"post","2":"type-post","3":"status-publish","4":"format-standard","5":"has-post-thumbnail","7":"category-societe"},"_links":{"self":[{"href":"https:\/\/conakrynews.org\/index.php\/wp-json\/wp\/v2\/posts\/15393","targetHints":{"allow":["GET"]}}],"collection":[{"href":"https:\/\/conakrynews.org\/index.php\/wp-json\/wp\/v2\/posts"}],"about":[{"href":"https:\/\/conakrynews.org\/index.php\/wp-json\/wp\/v2\/types\/post"}],"author":[{"embeddable":true,"href":"https:\/\/conakrynews.org\/index.php\/wp-json\/wp\/v2\/users\/2"}],"replies":[{"embeddable":true,"href":"https:\/\/conakrynews.org\/index.php\/wp-json\/wp\/v2\/comments?post=15393"}],"version-history":[{"count":0,"href":"https:\/\/conakrynews.org\/index.php\/wp-json\/wp\/v2\/posts\/15393\/revisions"}],"wp:featuredmedia":[{"embeddable":true,"href":"https:\/\/conakrynews.org\/index.php\/wp-json\/wp\/v2\/media\/15394"}],"wp:attachment":[{"href":"https:\/\/conakrynews.org\/index.php\/wp-json\/wp\/v2\/media?parent=15393"}],"wp:term":[{"taxonomy":"category","embeddable":true,"href":"https:\/\/conakrynews.org\/index.php\/wp-json\/wp\/v2\/categories?post=15393"},{"taxonomy":"post_tag","embeddable":true,"href":"https:\/\/conakrynews.org\/index.php\/wp-json\/wp\/v2\/tags?post=15393"}],"curies":[{"name":"wp","href":"https:\/\/api.w.org\/{rel}","templated":true}]}}