{"id":15419,"date":"2022-09-16T11:56:31","date_gmt":"2022-09-16T11:56:31","guid":{"rendered":"https:\/\/conakrynews.org\/?p=15419"},"modified":"2022-09-16T11:56:31","modified_gmt":"2022-09-16T11:56:31","slug":"religion-elhadj-yaya-camara-est-radie-de-ses-fonctions-dimam-et-precheur-en-guinee-decision","status":"publish","type":"post","link":"https:\/\/conakrynews.org\/index.php\/religion-elhadj-yaya-camara-est-radie-de-ses-fonctions-dimam-et-precheur-en-guinee-decision\/","title":{"rendered":"Religion : Elhadj Yaya Camara est radi\u00e9 de ses fonctions d\u2019Imam et pr\u00e9cheur en Guin\u00e9e (D\u00e9cision)"},"content":{"rendered":"<p>DECISION N\u00b020<\/p>\n<p>PORTANT RADIATION D\u2019UN IMAM DANS SES FONCTIONS D\u2019IMAMAT ET DE PRECHEUR<\/p>\n<p>LE SECRETAIRE GENERAL DES AFFAIRES RELIGIEUSES<\/p>\n<p>Vu la Charte de la Transition<\/p>\n<p>Vu la Loi L\/2018\/025\/AN du 03 juillet 2018, portant Organisation G\u00e9n\u00e9rale de l\u2019Administration Publique;<\/p>\n<p>Vu le Communique n 01\/2021\/CNRD\/PRG\/SGG du 05 Septembre 2021, portant prie effective du pouvoir par les Forces de Defense et de Securite sous la Direction du Comite National de Rassemblement pour le D\u00e9veloppement (CNRD)<\/p>\n<p>Vu l\u2019Ordonnance N 2021\/001\/PRG\/CNRD\/SGG du 05 Septembre 2021 portant prorogation des Lois Nationales, Conventions, Traite et Accords Internationaux en vigueur Vu le D\u00e9cret D\/2018\/189\/PRG\/SGG du 23 ao\u00fbt 2018, portant Attribution et Organisation du Secr\u00e9tariat General des Affaires Religieuses Vu le D\u00e9cret D\/063\/PRG\/SGO du 03 Mars 2017 portant nomination de Hauts Cadres du Secretariat General des Affaires Religieuses: Vu le D\u00e9cret N\u2019D\/2021\/008\/PRG\/CNRD\/SGO du 06 Octobre 2021, portant nomination du Premier Ministre, Chef du Gouvernement de Transition<\/p>\n<p>Vu le Decret N\u2019D\/2021\/011\/PRG\/CNRD\/SGG du 08 Octobre 2021, portant Structure du Gouvernement de Transition: Vu le D\u00e9cret n\u00b02021\/0072\/PRG\/CNRD, portant nomination du Secr\u00e9taire G\u00e9n\u00e9ral des<\/p>\n<p>Affaires Religieuses, Vu la d\u00e9cision No 2019\/0576\/SGAR\/CAB\/DRH du 29 octobre 2019, portant radiation d\u2019un religieux de ses fonctions d\u2019Imam et de pr\u00e9cheur sur toute l\u2019\u00e9tendue du territoire national<\/p>\n<p>DECIDE<\/p>\n<p>Article 1\/El hadj Yaya CAMARA, Imam, Pr\u00e9cheur dans la Commune de Ratoma, est radi\u00e9 de ses fonctions d\u2019imam et de pr\u00e9cheur pour faute lourde et interdit de parler au nom de en public sur toute l\u2019\u00e9tendue du territoire national.<\/p>\n<p>Article 21 Les responsables r\u00e9gionaux, pr\u00e9fectoraux, communaux. pr\u00e9fectoraux, Conseils de mosqu\u00e9es et Chef de Division des Ressources Humaines, sont charg\u00e9s chacun en ce qui le concerne de l\u2019application judicieuse de la presente decision. Article 3\/ La presente D\u00e9cision qui prend effet \u00e0 compter de la date de sa signature sera enregistr\u00e9e et publi\u00e9e partout o\u00f9 besoin sera.<\/p>\n<p>Conakry, le 15 SEP 2022<\/p>\n<p>Le Secr\u00e9taire G\u00e9n\u00e9ral<\/p>\n<p>El Karamo DIAWARA<\/p>\n","protected":false},"excerpt":{"rendered":"<p>DECISION N\u00b020 PORTANT RADIATION D\u2019UN IMAM DANS SES FONCTIONS D\u2019IMAMAT ET DE PRECHEUR LE SECRETAIRE GENERAL DES AFFAIRES RELIGIEUSES Vu la Charte de la Transition Vu la Loi L\/2018\/025\/AN du 03 juillet 2018, portant Organisation G\u00e9n\u00e9rale de l\u2019Administration Publique; Vu le Communique n 01\/2021\/CNRD\/PRG\/SGG du 05 Septembre 2021, portant prie effective du pouvoir par les [&hellip;]<\/p>\n","protected":false},"author":2,"featured_media":15420,"comment_status":"closed","ping_status":"closed","sticky":false,"template":"","format":"standard","meta":{"footnotes":""},"categories":[58],"tags":[],"class_list":{"0":"post-15419","1":"post","2":"type-post","3":"status-publish","4":"format-standard","5":"has-post-thumbnail","7":"category-societe"},"_links":{"self":[{"href":"https:\/\/conakrynews.org\/index.php\/wp-json\/wp\/v2\/posts\/15419","targetHints":{"allow":["GET"]}}],"collection":[{"href":"https:\/\/conakrynews.org\/index.php\/wp-json\/wp\/v2\/posts"}],"about":[{"href":"https:\/\/conakrynews.org\/index.php\/wp-json\/wp\/v2\/types\/post"}],"author":[{"embeddable":true,"href":"https:\/\/conakrynews.org\/index.php\/wp-json\/wp\/v2\/users\/2"}],"replies":[{"embeddable":true,"href":"https:\/\/conakrynews.org\/index.php\/wp-json\/wp\/v2\/comments?post=15419"}],"version-history":[{"count":0,"href":"https:\/\/conakrynews.org\/index.php\/wp-json\/wp\/v2\/posts\/15419\/revisions"}],"wp:featuredmedia":[{"embeddable":true,"href":"https:\/\/conakrynews.org\/index.php\/wp-json\/wp\/v2\/media\/15420"}],"wp:attachment":[{"href":"https:\/\/conakrynews.org\/index.php\/wp-json\/wp\/v2\/media?parent=15419"}],"wp:term":[{"taxonomy":"category","embeddable":true,"href":"https:\/\/conakrynews.org\/index.php\/wp-json\/wp\/v2\/categories?post=15419"},{"taxonomy":"post_tag","embeddable":true,"href":"https:\/\/conakrynews.org\/index.php\/wp-json\/wp\/v2\/tags?post=15419"}],"curies":[{"name":"wp","href":"https:\/\/api.w.org\/{rel}","templated":true}]}}