{"id":15434,"date":"2022-09-16T23:37:45","date_gmt":"2022-09-16T23:37:45","guid":{"rendered":"https:\/\/conakrynews.org\/?p=15434"},"modified":"2022-09-17T16:19:29","modified_gmt":"2022-09-17T16:19:29","slug":"fermeture-des-pharmacies-illegales-mamadou-tos-camara-en-reunion-avec-les-services-de-securite-pour-les-modes-doperations","status":"publish","type":"post","link":"https:\/\/conakrynews.org\/index.php\/fermeture-des-pharmacies-illegales-mamadou-tos-camara-en-reunion-avec-les-services-de-securite-pour-les-modes-doperations\/","title":{"rendered":"Fermeture des pharmacies ill\u00e9gales: Mamadouba Tos Camara en r\u00e9union avec  les  services  de s\u00e9curit\u00e9 pour les modes d&rsquo;op\u00e9rations"},"content":{"rendered":"<p>La d\u00e9cision du procureur de la Cour de  R\u00e9pression des Infractions \u00c9conomiques et Financi\u00e8res (CRIEF) portant sur la fermeture de toutes les cliniques et pharmacies non agr\u00e9\u00e9es est entr\u00e9e en vigueur ce vendredi, 15 septembre 2022 sur toute l&rsquo;\u00e9tendue du territoire national. <\/p>\n<p>Pour mettre en application de cette d\u00e9cision, M. le maire de la commune de Matoto a convoqu\u00e9 une r\u00e9union d&rsquo;urgence cet apr\u00e8s-midi avec des commandants d&rsquo;unit\u00e9s de la gendarmerie et de la police en pr\u00e9sence des repr\u00e9sentants du minist\u00e8re de la sant\u00e9.<\/p>\n<p>D&rsquo;entr\u00e9e de jeu, le maire Mamadouba Tos Camara a tout d&rsquo;abord expliqu\u00e9  aux commandants d&rsquo;unit\u00e9s  la mission qui leurs est d\u00e9volue dans leurs zones d&rsquo;op\u00e9rations. <\/p>\n<p><img loading=\"lazy\" decoding=\"async\" src=\"https:\/\/conakrynews.org\/wp-content\/uploads\/2022\/09\/IMG-20220916-WA0001-500x375.jpg\" alt=\"\" width=\"500\" height=\"375\" class=\"alignright size-medium wp-image-15437\" srcset=\"https:\/\/conakrynews.org\/wp-content\/uploads\/2022\/09\/IMG-20220916-WA0001-500x375.jpg 500w, https:\/\/conakrynews.org\/wp-content\/uploads\/2022\/09\/IMG-20220916-WA0001-768x576.jpg 768w, https:\/\/conakrynews.org\/wp-content\/uploads\/2022\/09\/IMG-20220916-WA0001.jpg 1080w\" sizes=\"auto, (max-width: 500px) 100vw, 500px\" \/> <\/p>\n<p>\u00ab\u00a0Depuis le 31 ao\u00fbt dernier, M. le procureur de la CRIEF  a fait une d\u00e9claration interdisant la vente illicite des produits pharmaceutiques et l&rsquo;exercice ill\u00e9gale de la profession de m\u00e9decin dans le but de r\u00e9glementer le secteur de la sant\u00e9. Sur ce, j&rsquo;ai convoqu\u00e9 cette r\u00e9union pour qu&rsquo;ensemble qu&rsquo;on puisse mener \u00e0 bien cette op\u00e9ration\u00a0\u00bb,  \u00e0  d\u00e9clar\u00e9 le maire de Matoto.<\/p>\n<p>Apr\u00e8s  des \u00e9changes d&rsquo;id\u00e9es avec ces responsables d&rsquo;unit\u00e9s  et certains professionnels de la sant\u00e9, les modes d&rsquo;op\u00e9ratoires ont \u00e9t\u00e9 definies par M.le maire. \u00ab\u00a0La sensibilisation par les charg\u00e9s d&rsquo;op\u00e9rations, la fermeture imm\u00e9diate de toutes les pharmacie ill\u00e9gale se trouvant dans les march\u00e9s dans un premier temps et celles qui se trouvent tout au long des routes.Ensuite  l&rsquo;interpellations de ces contrevenants de la loi qui seront mise \u00e0 la disposition du haut commandement de la gendarmerie. Un comit\u00e9 communal de suivi a \u00e9t\u00e9 mis en place compos\u00e9 des repr\u00e9sentants de la sant\u00e9 pour le contr\u00f4le des documents mais aussi de produits.Les chefs de quartiers ont \u00e9t\u00e9 responsabilis\u00e9s  pour identifier les pharmacies ill\u00e9gales avec les forces de s\u00e9curit\u00e9s\u00a0\u00bb  a  laiss\u00e9 entendre  Tos Camara.<\/p>\n<p>Le repr\u00e9sentant du minist\u00e8re de la sant\u00e9, a mart\u00e8l\u00e9 que les \u00e9quipes venant du minist\u00e8re de la  sant\u00e9 sont des \u00e9quipes multi-sectorielles pour le  contr\u00f4le des documents.  \u00a0\u00bb Des r\u00e9unions pr\u00e9paratoires ont \u00e9t\u00e9 organis\u00e9es  au sein du minist\u00e8re de la sant\u00e9. On a mis \u00e0 la disposition  des services de s\u00e9curit\u00e9  et des professionnels de sant\u00e9 des moyens pour identifier les documents l\u00e9gaux,  pour voir que telle boutique a l&rsquo;autorisation normale pour exercer le m\u00e9tier. L&rsquo;\u00e9quipe du minist\u00e8re de la sant\u00e9 est une \u00e9quipe multi-sectorielle compos\u00e9e de m\u00e9decins et de pharmaciens qui passeront dans les march\u00e9s pour la fermeture et une autre \u00e9quipe passera pour le ramassage de ces produits impropres \u00e0 la consommation\u00a0\u00bb  a conclu l&rsquo;orateur.<\/p>\n<p>Oumar Konate pour conakrynews.org<\/p>\n","protected":false},"excerpt":{"rendered":"<p>La d\u00e9cision du procureur de la Cour de R\u00e9pression des Infractions \u00c9conomiques et Financi\u00e8res (CRIEF) portant sur la fermeture de toutes les cliniques et pharmacies non agr\u00e9\u00e9es est entr\u00e9e en vigueur ce vendredi, 15 septembre 2022 sur toute l&rsquo;\u00e9tendue du territoire national. Pour mettre en application de cette d\u00e9cision, M. le maire de la commune [&hellip;]<\/p>\n","protected":false},"author":2,"featured_media":15435,"comment_status":"closed","ping_status":"closed","sticky":false,"template":"","format":"standard","meta":{"footnotes":""},"categories":[59],"tags":[],"class_list":{"0":"post-15434","1":"post","2":"type-post","3":"status-publish","4":"format-standard","5":"has-post-thumbnail","7":"category-sante"},"_links":{"self":[{"href":"https:\/\/conakrynews.org\/index.php\/wp-json\/wp\/v2\/posts\/15434","targetHints":{"allow":["GET"]}}],"collection":[{"href":"https:\/\/conakrynews.org\/index.php\/wp-json\/wp\/v2\/posts"}],"about":[{"href":"https:\/\/conakrynews.org\/index.php\/wp-json\/wp\/v2\/types\/post"}],"author":[{"embeddable":true,"href":"https:\/\/conakrynews.org\/index.php\/wp-json\/wp\/v2\/users\/2"}],"replies":[{"embeddable":true,"href":"https:\/\/conakrynews.org\/index.php\/wp-json\/wp\/v2\/comments?post=15434"}],"version-history":[{"count":0,"href":"https:\/\/conakrynews.org\/index.php\/wp-json\/wp\/v2\/posts\/15434\/revisions"}],"wp:featuredmedia":[{"embeddable":true,"href":"https:\/\/conakrynews.org\/index.php\/wp-json\/wp\/v2\/media\/15435"}],"wp:attachment":[{"href":"https:\/\/conakrynews.org\/index.php\/wp-json\/wp\/v2\/media?parent=15434"}],"wp:term":[{"taxonomy":"category","embeddable":true,"href":"https:\/\/conakrynews.org\/index.php\/wp-json\/wp\/v2\/categories?post=15434"},{"taxonomy":"post_tag","embeddable":true,"href":"https:\/\/conakrynews.org\/index.php\/wp-json\/wp\/v2\/tags?post=15434"}],"curies":[{"name":"wp","href":"https:\/\/api.w.org\/{rel}","templated":true}]}}