{"id":15441,"date":"2022-09-17T12:18:38","date_gmt":"2022-09-17T12:18:38","guid":{"rendered":"https:\/\/conakrynews.org\/?p=15441"},"modified":"2022-09-17T12:18:38","modified_gmt":"2022-09-17T12:18:38","slug":"belgique-55-magistrats-en-prison-pour-experimenter-la-vie-des-detenus","status":"publish","type":"post","link":"https:\/\/conakrynews.org\/index.php\/belgique-55-magistrats-en-prison-pour-experimenter-la-vie-des-detenus\/","title":{"rendered":"Belgique: 55 magistrats en prison pour exp\u00e9rimenter la vie des d\u00e9tenus"},"content":{"rendered":"<p>Ces juges et procureurs \u00abdevront suivre les ordres et les instructions du personnel p\u00e9nitentiaire\u00bb. L&rsquo;objectif est pour eux \u00abd&rsquo;exp\u00e9rimenter ce que signifie la privation de libert\u00e9\u00bb.<\/p>\n<p>Publi\u00e9 le 17\/09\/2022 \u00e0 13:08, mis \u00e0 jour le 17\/09\/2022 \u00e0 13:28<\/p>\n<p>Les magistrats seront trait\u00e9s comme de vrais d\u00e9tenus jusqu&rsquo;\u00e0 la fin de l&rsquo;op\u00e9ration pr\u00e9vue dimanche \u00e0 16 heures.<\/p>\n<p>Cinquante-cinq magistrats volontaires ont \u00e9t\u00e9 enferm\u00e9s samedi dans une prison de la r\u00e9gion de Bruxelles pour exp\u00e9rimenter la vie des d\u00e9tenus jusqu&rsquo;\u00e0 dimanche, a annonc\u00e9 le ministre belge de la Justice, Vincent Van Quickenborne, dans un communiqu\u00e9. Les magistrats sont arriv\u00e9s \u00e0 9 heures (7 heures GMT) dans la nouvelle prison de Haren, un \u00e9tablissement neuf d&rsquo;une capacit\u00e9 de 1190 d\u00e9tenus qui doit ouvrir ses portes le 30 septembre, a expliqu\u00e9 \u00e0 l&rsquo;AFP une porte-parole de l&rsquo;administration p\u00e9nitentiaire.<\/p>\n<p>Ils seront trait\u00e9s comme de vrais d\u00e9tenus jusqu&rsquo;\u00e0 la fin de l&rsquo;op\u00e9ration pr\u00e9vue dimanche \u00e0 16 heures (14 heures GMT), a-t-elle pr\u00e9cis\u00e9. \u00abLes magistrats savent \u00e9videmment comment se passent les choses dans une prison, mais en faire l&rsquo;exp\u00e9rience par eux-m\u00eames leur donne une occasion unique qui pourra les aider \u00e0 prononcer des peines en toute connaissance de cause\u00bb, a d\u00e9clar\u00e9 le ministre f\u00e9d\u00e9ral Vincent Van Quickenborne, cit\u00e9 dans le communiqu\u00e9.<\/p>\n<p>Rendre l&rsquo;incarc\u00e9ration le plus r\u00e9aliste possible<br \/>\nL&rsquo;op\u00e9ration permettra \u00e9galement aux membres du personnel p\u00e9nitentiaire de se pr\u00e9parer \u00e0 l&rsquo;ouverture prochaine de cet \u00e9tablissement d&rsquo;un nouveau type \u00abdot\u00e9 de petites unit\u00e9s de vie et d\u00e9veloppant une approche moderne\u00bb, a ajout\u00e9 le responsable flamand, membre du parti lib\u00e9ral Open Vld. \u00abLes magistrats participants &#8211; juges p\u00e9naux, juges d&rsquo;instruction, procureurs (&#8230;) &#8211; se sont port\u00e9s volontaires. Ils (&#8230;) devront suivre les ordres et les instructions du personnel p\u00e9nitentiaire. L&rsquo;objectif est de rendre l&rsquo;incarc\u00e9ration le plus r\u00e9aliste possible\u00bb, est-il pr\u00e9cis\u00e9 dans le communiqu\u00e9.<\/p>\n<p>\u00bb LIRE AUSSI &#8211; Pierre-Marie S\u00e8ve: \u00abLa justice a-t-elle seulement les moyens de punir ?\u00bb<\/p>\n<p>\u00abIls ne pourront pas utiliser leur t\u00e9l\u00e9phone portable\u00bb, mais auront la possibilit\u00e9 de recevoir des visites familiales, tout comme les vrais d\u00e9tenus. Les magistrats suivent l&rsquo;horaire quotidien normal des d\u00e9tenus, prennent les m\u00eames repas et ont les m\u00eames activit\u00e9s obligatoires. Ils seront, entre autres, employ\u00e9s \u00e0 la cuisine et \u00e0 la blanchisserie. \u00c0 22H00 \u00ables lumi\u00e8res s&rsquo;\u00e9teignent\u00bb, a soulign\u00e9 le minist\u00e8re. S&rsquo;ils ont \u00abdu mal \u00e0 supporter ce s\u00e9jour en prison\u00bb, ou pour tout autre motif, les magistrats ont la possibilit\u00e9 d&rsquo;interrompre l&rsquo;exp\u00e9rience \u00e0 tout moment.<\/p>\n<p>\u00abCette immersion offre aux magistrats qui condamnent des personnes \u00e0 la prison l&rsquo;opportunit\u00e9 d&rsquo;exp\u00e9rimenter ce que signifie la privation de libert\u00e9\u00bb, a expliqu\u00e9 Rudy Van de Voorde, directeur g\u00e9n\u00e9ral des \u00c9tablissements p\u00e9nitentiaires, \u00e9galement cit\u00e9 dans le communiqu\u00e9.<\/p>\n<p>Source:Figaro <\/p>\n","protected":false},"excerpt":{"rendered":"<p>Ces juges et procureurs \u00abdevront suivre les ordres et les instructions du personnel p\u00e9nitentiaire\u00bb. L&rsquo;objectif est pour eux \u00abd&rsquo;exp\u00e9rimenter ce que signifie la privation de libert\u00e9\u00bb. Publi\u00e9 le 17\/09\/2022 \u00e0 13:08, mis \u00e0 jour le 17\/09\/2022 \u00e0 13:28 Les magistrats seront trait\u00e9s comme de vrais d\u00e9tenus jusqu&rsquo;\u00e0 la fin de l&rsquo;op\u00e9ration pr\u00e9vue dimanche \u00e0 16 [&hellip;]<\/p>\n","protected":false},"author":2,"featured_media":15442,"comment_status":"closed","ping_status":"closed","sticky":false,"template":"","format":"standard","meta":{"footnotes":""},"categories":[58],"tags":[],"class_list":{"0":"post-15441","1":"post","2":"type-post","3":"status-publish","4":"format-standard","5":"has-post-thumbnail","7":"category-societe"},"_links":{"self":[{"href":"https:\/\/conakrynews.org\/index.php\/wp-json\/wp\/v2\/posts\/15441","targetHints":{"allow":["GET"]}}],"collection":[{"href":"https:\/\/conakrynews.org\/index.php\/wp-json\/wp\/v2\/posts"}],"about":[{"href":"https:\/\/conakrynews.org\/index.php\/wp-json\/wp\/v2\/types\/post"}],"author":[{"embeddable":true,"href":"https:\/\/conakrynews.org\/index.php\/wp-json\/wp\/v2\/users\/2"}],"replies":[{"embeddable":true,"href":"https:\/\/conakrynews.org\/index.php\/wp-json\/wp\/v2\/comments?post=15441"}],"version-history":[{"count":0,"href":"https:\/\/conakrynews.org\/index.php\/wp-json\/wp\/v2\/posts\/15441\/revisions"}],"wp:featuredmedia":[{"embeddable":true,"href":"https:\/\/conakrynews.org\/index.php\/wp-json\/wp\/v2\/media\/15442"}],"wp:attachment":[{"href":"https:\/\/conakrynews.org\/index.php\/wp-json\/wp\/v2\/media?parent=15441"}],"wp:term":[{"taxonomy":"category","embeddable":true,"href":"https:\/\/conakrynews.org\/index.php\/wp-json\/wp\/v2\/categories?post=15441"},{"taxonomy":"post_tag","embeddable":true,"href":"https:\/\/conakrynews.org\/index.php\/wp-json\/wp\/v2\/tags?post=15441"}],"curies":[{"name":"wp","href":"https:\/\/api.w.org\/{rel}","templated":true}]}}