{"id":15445,"date":"2022-09-17T14:13:46","date_gmt":"2022-09-17T14:13:46","guid":{"rendered":"https:\/\/conakrynews.org\/?p=15445"},"modified":"2022-09-17T14:13:46","modified_gmt":"2022-09-17T14:13:46","slug":"remy-ngono-descend-en-flammes-boubacar-kamara-quand-il-arrivera-a-la-fin-de-sa-carriere-il-va-courir-en-afrique-pour-dire","status":"publish","type":"post","link":"https:\/\/conakrynews.org\/index.php\/remy-ngono-descend-en-flammes-boubacar-kamara-quand-il-arrivera-a-la-fin-de-sa-carriere-il-va-courir-en-afrique-pour-dire\/","title":{"rendered":"Remy Ngono descend en flammes Boubacar Kamara : \u2018\u2019Quand il arrivera \u00e0 la fin de sa carri\u00e8re, il va courir en Afrique pour dire\u2026\u2019\u2019"},"content":{"rendered":"<p>En d\u00e9placement du c\u00f4t\u00e9 du Ghana, Patrice Evra a fait pol\u00e9mique en France en d\u00e9clarant regretter d\u2019avoir choisi d\u2019\u00e9voluer pour les Bleus. L\u2019ancien international fran\u00e7ais aurait pr\u00e9f\u00e9r\u00e9 opter pour le S\u00e9n\u00e9gal, avec le recul.<\/p>\n<p>Cela faisait longtemps que Patrice Evra ne nous avait pas r\u00e9gal\u00e9 par ses interventions. L\u2019ancien international fran\u00e7ais \u00e9tait en voyage du c\u00f4t\u00e9 du Ghana cette semaine. Interrog\u00e9 par Sports Brief, le lat\u00e9ral l\u00e9gendaire des Bleus a fait une sortie incroyable concernant son choix de s\u00e9lection. Natif de Dakar, il regretterait de ne pas avoir opt\u00e9 pour le S\u00e9n\u00e9gal plut\u00f4t que pour la France pour sa carri\u00e8re internationale.<\/p>\n<p>Une d\u00e9claration encore pol\u00e9mique d\u2019Evra<\/p>\n<p>Il explique ce qui motive sa mise au point en 2022. \u00ab Si je pouvais revenir en arri\u00e8re, je choisirais de repr\u00e9senter mon pays natal, le S\u00e9n\u00e9gal, au lieu de la France. Quand j\u2019\u00e9tais jeune, mes parents m\u2019ont donn\u00e9 la chance de choisir mon \u00e9quipe nationale et parce que j\u2019ai grandi en France, j\u2019ai choisi la France. Mais j\u2019ai compris plus tard que choisir mon propre pays est devenu politique. L\u2019une des le\u00e7ons douloureuses que j\u2019ai apprises avec ce choix est que lorsque vous jouez bien et que vous gagnez, vous \u00eates Fran\u00e7ais; quand l\u2019\u00e9quipe perd, vous \u00eates consid\u00e9r\u00e9 comme S\u00e9n\u00e9galais \u00bb, a scand\u00e9 Evra. Evidemment, ces mots ont eu un effet d\u2019un tremblement de terre. On rappelle que la l\u00e9gende de Manchester United a accumul\u00e9 81 s\u00e9lections avec la nation tricolore et \u00e9tait le capitaine pendant de nombreuses ann\u00e9es.<\/p>\n<p>Remy Ngono apr\u00e8s la convocation de Boubacar Kamara en \u00e9quipe de France : \u00ab Au moment o\u00f9 l\u2019ancien capitaine des Bleus Patrice Evra est entrain de clamer en Afrique qu\u2019il regrette de n\u2019avoir choisi de jouer pour son pays d\u2019origine, le S\u00e9n\u00e9gal, Didier Deschamps convoque un joueur d\u2019origine\u2026s\u00e9n\u00e9galaise. \u00bb<\/p>\n<p>\u00bbN\u00e9 le 23 novembre 1999, Boubacar Kamara, a \u00e9galement un p\u00e8re S\u00e9n\u00e9galais comme Evra. Comme Patrice Evra qui a jou\u00e9 \u00e0 Marseille, Boubacar lui,  a commenc\u00e9 sa carri\u00e8re de footballeur professionnel quand il a 17 ans avec l\u2019Olympique de Marseille. Et il a d\u00e9j\u00e0 dans toutes les cat\u00e9gories de l\u2019\u00e9quipe de France. Et quand il arrivera \u00e0 la fin de sa carri\u00e8re, il va courir en Afrique pour dire qu\u2019il regrette de n\u2019avoir pas jou\u00e9 pour son pays d\u2019origine, le S\u00e9n\u00e9gal \u00bb <\/p>\n<p>Rfi<\/p>\n","protected":false},"excerpt":{"rendered":"<p>En d\u00e9placement du c\u00f4t\u00e9 du Ghana, Patrice Evra a fait pol\u00e9mique en France en d\u00e9clarant regretter d\u2019avoir choisi d\u2019\u00e9voluer pour les Bleus. L\u2019ancien international fran\u00e7ais aurait pr\u00e9f\u00e9r\u00e9 opter pour le S\u00e9n\u00e9gal, avec le recul. Cela faisait longtemps que Patrice Evra ne nous avait pas r\u00e9gal\u00e9 par ses interventions. L\u2019ancien international fran\u00e7ais \u00e9tait en voyage du [&hellip;]<\/p>\n","protected":false},"author":2,"featured_media":15446,"comment_status":"closed","ping_status":"closed","sticky":false,"template":"","format":"standard","meta":{"footnotes":""},"categories":[64],"tags":[],"class_list":{"0":"post-15445","1":"post","2":"type-post","3":"status-publish","4":"format-standard","5":"has-post-thumbnail","7":"category-sport"},"_links":{"self":[{"href":"https:\/\/conakrynews.org\/index.php\/wp-json\/wp\/v2\/posts\/15445","targetHints":{"allow":["GET"]}}],"collection":[{"href":"https:\/\/conakrynews.org\/index.php\/wp-json\/wp\/v2\/posts"}],"about":[{"href":"https:\/\/conakrynews.org\/index.php\/wp-json\/wp\/v2\/types\/post"}],"author":[{"embeddable":true,"href":"https:\/\/conakrynews.org\/index.php\/wp-json\/wp\/v2\/users\/2"}],"replies":[{"embeddable":true,"href":"https:\/\/conakrynews.org\/index.php\/wp-json\/wp\/v2\/comments?post=15445"}],"version-history":[{"count":0,"href":"https:\/\/conakrynews.org\/index.php\/wp-json\/wp\/v2\/posts\/15445\/revisions"}],"wp:featuredmedia":[{"embeddable":true,"href":"https:\/\/conakrynews.org\/index.php\/wp-json\/wp\/v2\/media\/15446"}],"wp:attachment":[{"href":"https:\/\/conakrynews.org\/index.php\/wp-json\/wp\/v2\/media?parent=15445"}],"wp:term":[{"taxonomy":"category","embeddable":true,"href":"https:\/\/conakrynews.org\/index.php\/wp-json\/wp\/v2\/categories?post=15445"},{"taxonomy":"post_tag","embeddable":true,"href":"https:\/\/conakrynews.org\/index.php\/wp-json\/wp\/v2\/tags?post=15445"}],"curies":[{"name":"wp","href":"https:\/\/api.w.org\/{rel}","templated":true}]}}