{"id":1547,"date":"2017-09-25T10:19:33","date_gmt":"2017-09-25T08:19:33","guid":{"rendered":"https:\/\/conakrynews.org\/?p=1547"},"modified":"2017-09-25T10:19:33","modified_gmt":"2017-09-25T08:19:33","slug":"cellou-dalein-diallo-80-jeunes-ont-ete-assassines-a-bout-portant-forces-de-lordre-pendant-nos-manifestations-pacifiques-guinee","status":"publish","type":"post","link":"https:\/\/conakrynews.org\/index.php\/cellou-dalein-diallo-80-jeunes-ont-ete-assassines-a-bout-portant-forces-de-lordre-pendant-nos-manifestations-pacifiques-guinee\/","title":{"rendered":"Cellou Dalein Diallo : \u00ab au moins 80 jeunes ont \u00e9t\u00e9 assassin\u00e9s \u00e0 bout portant par les forces de l\u2019ordre pendant nos manifestations pacifiques en Guin\u00e9e \u00bb"},"content":{"rendered":"<p><img loading=\"lazy\" decoding=\"async\" class=\"alignnone size-full wp-image-1548\" src=\"https:\/\/conakrynews.org\/wp-content\/uploads\/2017\/09\/cellou.jpg\" alt=\"\" width=\"299\" height=\"169\" \/>Au moins 80 personnes\u00a0ont\u00a0trouv\u00e9es la mort par balle r\u00e9elle\u00a0pendant toutes sortes de manifestations organis\u00e9es\u00a0par le chef de file de l\u2019opposition guin\u00e9enne, Cellou Dalein Diallo\u00a0pr\u00e9sident\u00a0de l\u2019Union des forces d\u00e9mocratiques de Guin\u00e9e (UFDG.<br \/>\nCette annonce a \u00e9t\u00e9 faite par le pr\u00e9sident de l\u2019UFDG, Cellou Dalein Diallo le vendredi dernier au cours d\u2019un entretien sur les antennes de la BBC.<br \/>\nSelon lui, les forces de l\u2019ordre guin\u00e9ennes font\u00a0usage\u00a0de leurs armes \u00e0 feu contre les manifestants pacifiques.<br \/>\n\u00ab Nous avons plus de 80 morts de jeunes assassin\u00e9s \u00e0 bout portant par les forces de d\u00e9fense et de s\u00e9curit\u00e9, \u00e0 l\u2019occasion de nos manifestations pacifiques, ce qui est plus r\u00e9voltant, ils n\u2019ont jamais \u00e9t\u00e9 traduits devant une juridiction. Et naturellement, l\u2019impunit\u00e9 est en courant dans la r\u00e9cidive, on\u00a0continue\u00a0\u00e0 tuer des\u00a0Guin\u00e9ens\u00a0sans que ceci\u00a0puissent\u00a0b\u00e9n\u00e9ficier. \u00bb<br \/>\nParlant du jeune manifestant qui a \u00e9t\u00e9 tu\u00e9 par\u00a0balles\u00a0le 20 septembre dernier, lors de la derni\u00e8re manifestation dite pacifique, Cellou Dalein a fait savoir que depuis l\u2019av\u00e8nement de Mr Alpha Cond\u00e9, jamais le gouvernement n\u2019a fait preuve de diligence, dans l\u2019ouverture d\u2019enqu\u00eate et m\u00eame n\u2019a jamais pris des dispositions \u00e0 l\u2019endroit des responsables de la police et de la gendarmerie, donc c\u2019est une premi\u00e8re, on esp\u00e8re qu\u2019il sera\u00a0suivi\u00a0de pr\u00eat, et nous jugerons aux actes.<br \/>\n\u00ab Nous avons d\u00e9clench\u00e9 une s\u00e9rie de manifestations pour protester contre la mauvaise gouvernance, et surtout contre refus des autorit\u00e9s d\u2019appliquer notre accord de politique inter-guin\u00e9en du 12 octobre 2016. \u00bb<br \/>\nPour finir, Cellou Dalein Diallo a confirm\u00e9 qu\u2019une autre manifestation est pr\u00e9vue la semaine prochaine avant le mois d\u2019octobre 2017.<\/p>\n<p>&nbsp;<\/p>\n<p><strong>Karifa Zoumanigui<\/strong><\/p>\n<p>&nbsp;<\/p>\n","protected":false},"excerpt":{"rendered":"<p>Au moins 80 personnes\u00a0ont\u00a0trouv\u00e9es la mort par balle r\u00e9elle\u00a0pendant toutes sortes de manifestations organis\u00e9es\u00a0par le chef de file de l\u2019opposition guin\u00e9enne, Cellou Dalein Diallo\u00a0pr\u00e9sident\u00a0de l\u2019Union des forces d\u00e9mocratiques de Guin\u00e9e (UFDG. Cette annonce a \u00e9t\u00e9 faite par le pr\u00e9sident de l\u2019UFDG, Cellou Dalein Diallo le vendredi dernier au cours d\u2019un entretien sur les antennes de [&hellip;]<\/p>\n","protected":false},"author":2,"featured_media":1548,"comment_status":"open","ping_status":"open","sticky":false,"template":"","format":"image","meta":{"footnotes":""},"categories":[57],"tags":[],"class_list":{"0":"post-1547","1":"post","2":"type-post","3":"status-publish","4":"format-image","5":"has-post-thumbnail","7":"category-politique","8":"post_format-post-format-image"},"_links":{"self":[{"href":"https:\/\/conakrynews.org\/index.php\/wp-json\/wp\/v2\/posts\/1547","targetHints":{"allow":["GET"]}}],"collection":[{"href":"https:\/\/conakrynews.org\/index.php\/wp-json\/wp\/v2\/posts"}],"about":[{"href":"https:\/\/conakrynews.org\/index.php\/wp-json\/wp\/v2\/types\/post"}],"author":[{"embeddable":true,"href":"https:\/\/conakrynews.org\/index.php\/wp-json\/wp\/v2\/users\/2"}],"replies":[{"embeddable":true,"href":"https:\/\/conakrynews.org\/index.php\/wp-json\/wp\/v2\/comments?post=1547"}],"version-history":[{"count":0,"href":"https:\/\/conakrynews.org\/index.php\/wp-json\/wp\/v2\/posts\/1547\/revisions"}],"wp:featuredmedia":[{"embeddable":true,"href":"https:\/\/conakrynews.org\/index.php\/wp-json\/wp\/v2\/media\/1548"}],"wp:attachment":[{"href":"https:\/\/conakrynews.org\/index.php\/wp-json\/wp\/v2\/media?parent=1547"}],"wp:term":[{"taxonomy":"category","embeddable":true,"href":"https:\/\/conakrynews.org\/index.php\/wp-json\/wp\/v2\/categories?post=1547"},{"taxonomy":"post_tag","embeddable":true,"href":"https:\/\/conakrynews.org\/index.php\/wp-json\/wp\/v2\/tags?post=1547"}],"curies":[{"name":"wp","href":"https:\/\/api.w.org\/{rel}","templated":true}]}}