{"id":1551,"date":"2017-09-26T10:52:18","date_gmt":"2017-09-26T08:52:18","guid":{"rendered":"https:\/\/conakrynews.org\/?p=1551"},"modified":"2017-09-26T10:52:18","modified_gmt":"2017-09-26T08:52:18","slug":"elections-communales-guinee-ceni-propose-date","status":"publish","type":"post","link":"https:\/\/conakrynews.org\/index.php\/elections-communales-guinee-ceni-propose-date\/","title":{"rendered":"Elections Communales en Guin\u00e9e: La CENI propose une date"},"content":{"rendered":"<figure id=\"attachment_1552\" aria-describedby=\"caption-attachment-1552\" style=\"width: 300px\" class=\"wp-caption alignnone\"><img loading=\"lazy\" decoding=\"async\" class=\"size-full wp-image-1552\" src=\"https:\/\/conakrynews.org\/wp-content\/uploads\/2017\/09\/ceni-photo.jpg\" alt=\"\" width=\"300\" height=\"225\" \/><figcaption id=\"caption-attachment-1552\" class=\"wp-caption-text\">?????????????<\/figcaption><\/figure>\n<p><strong>Au terme d\u2019une rencontre avec tous les acteurs impliqu\u00e9s dans le processus \u00e9lectoral en R\u00e9publique de Guin\u00e9e, les responsables de la \u00a0Commission \u00c9lectorale\u00a0Nationale Ind\u00e9pendante (CENI) ont finalement propos\u00e9 la date du 4 f\u00e9vrier 2018 pour la tenue des \u00e9lections communales et communautaires en Guin\u00e9e.<\/strong><\/p>\n<p>Cette autre d\u00e9cision de l\u2019institution en charge des \u00e9lections intervient \u00a0apr\u00e8s \u00a0plusieurs manifestations et de menaces verbales de la part des Leaders de \u00a0l\u2019opposition R\u00e9publicaine Guin\u00e9enne.<\/p>\n<p>D\u00e9sormais toute \u00a0\u00a0l\u2019attention de l\u2019opinion nationale et internationale sera \u00a0port\u00e9e \u00a0vers le pr\u00e9sident de la R\u00e9publique, Prof Alpha Cond\u00e9 \u00a0qui selon le principe devrait \u00a0faire un d\u00e9cret pour confirmer \u00a0ou pas cette date propos\u00e9e par la CENI.<\/p>\n<p>A noter que \u00a0les leaders de l\u2019opposition \u00a0R\u00e9publicaine suite \u00e0 \u00a0une \u00a0pl\u00e9ni\u00e8re organis\u00e9e le Lundi 25 Septembre 2017 \u00a0ont \u00a0\u00a0finalement \u00a0d\u00e9cid\u00e9\u00a0 de\u00a0 faire un report de \u00a0la manifestation pr\u00e9vue le mercredi 27 Septembre \u00a0\u00a02017\u00a0 -apr\u00e8s \u00a0seulement cette annonce de la Commission Electorale Nationale Ind\u00e9pendante le Week-end dernier.<\/p>\n<p>&nbsp;<\/p>\n<p>&nbsp;<\/p>\n<p><strong>Nous y reviendrons<\/strong><\/p>\n<p><strong>Sylla Ibrahima Kalil <\/strong><\/p>\n<p><strong>\u00a0<\/strong><\/p>\n<p><strong>\u00a0<\/strong><\/p>\n","protected":false},"excerpt":{"rendered":"<p>Au terme d\u2019une rencontre avec tous les acteurs impliqu\u00e9s dans le processus \u00e9lectoral en R\u00e9publique de Guin\u00e9e, les responsables de la \u00a0Commission \u00c9lectorale\u00a0Nationale Ind\u00e9pendante (CENI) ont finalement propos\u00e9 la date du 4 f\u00e9vrier 2018 pour la tenue des \u00e9lections communales et communautaires en Guin\u00e9e. Cette autre d\u00e9cision de l\u2019institution en charge des \u00e9lections intervient \u00a0apr\u00e8s [&hellip;]<\/p>\n","protected":false},"author":2,"featured_media":1552,"comment_status":"open","ping_status":"open","sticky":false,"template":"","format":"image","meta":{"footnotes":""},"categories":[57],"tags":[],"class_list":{"0":"post-1551","1":"post","2":"type-post","3":"status-publish","4":"format-image","5":"has-post-thumbnail","7":"category-politique","8":"post_format-post-format-image"},"_links":{"self":[{"href":"https:\/\/conakrynews.org\/index.php\/wp-json\/wp\/v2\/posts\/1551","targetHints":{"allow":["GET"]}}],"collection":[{"href":"https:\/\/conakrynews.org\/index.php\/wp-json\/wp\/v2\/posts"}],"about":[{"href":"https:\/\/conakrynews.org\/index.php\/wp-json\/wp\/v2\/types\/post"}],"author":[{"embeddable":true,"href":"https:\/\/conakrynews.org\/index.php\/wp-json\/wp\/v2\/users\/2"}],"replies":[{"embeddable":true,"href":"https:\/\/conakrynews.org\/index.php\/wp-json\/wp\/v2\/comments?post=1551"}],"version-history":[{"count":0,"href":"https:\/\/conakrynews.org\/index.php\/wp-json\/wp\/v2\/posts\/1551\/revisions"}],"wp:featuredmedia":[{"embeddable":true,"href":"https:\/\/conakrynews.org\/index.php\/wp-json\/wp\/v2\/media\/1552"}],"wp:attachment":[{"href":"https:\/\/conakrynews.org\/index.php\/wp-json\/wp\/v2\/media?parent=1551"}],"wp:term":[{"taxonomy":"category","embeddable":true,"href":"https:\/\/conakrynews.org\/index.php\/wp-json\/wp\/v2\/categories?post=1551"},{"taxonomy":"post_tag","embeddable":true,"href":"https:\/\/conakrynews.org\/index.php\/wp-json\/wp\/v2\/tags?post=1551"}],"curies":[{"name":"wp","href":"https:\/\/api.w.org\/{rel}","templated":true}]}}