{"id":15546,"date":"2022-09-20T10:06:29","date_gmt":"2022-09-20T10:06:29","guid":{"rendered":"https:\/\/conakrynews.org\/?p=15546"},"modified":"2022-09-20T10:06:29","modified_gmt":"2022-09-20T10:06:29","slug":"droit-a-limage-kylian-mbappe-refuse-de-participer-a-une-seance-photo-avec-les-bleus","status":"publish","type":"post","link":"https:\/\/conakrynews.org\/index.php\/droit-a-limage-kylian-mbappe-refuse-de-participer-a-une-seance-photo-avec-les-bleus\/","title":{"rendered":"Droit \u00e0 l\u2019image : Kylian Mbapp\u00e9 refuse de participer \u00e0 une s\u00e9ance photo avec les Bleus"},"content":{"rendered":"<p>Kylian Mbapp\u00e9 a annonc\u00e9 lundi qu\u2019il refusait de prendre part \u00e0 la s\u00e9ance photo de l\u2019\u00e9quipe de France pr\u00e9vue mardi. Le joueur des Bleus r\u00e9clame depuis mars dernier une modification de la convention liant la F\u00e9d\u00e9ration fran\u00e7aise de football aux joueurs sur la question des droits \u00e0 l\u2019image.<\/p>\n<p>Kylian Mbapp\u00e9 a \u00ab d\u00e9cid\u00e9 de ne pas prendre part \u00e0 la s\u00e9ance photo pr\u00e9vue \u00bb mardi avec l\u2019\u00e9quipe de France, a-t-il fait savoir lundi 19 septembre dans un communiqu\u00e9 transmis \u00e0 l\u2019AFP. Pour cause, le joueur est en conflit avec la F\u00e9d\u00e9ration fran\u00e7aise de football (FFF) sur la question des droits \u00e0 l\u2019image des joueurs, que l\u2019institution refuse de modifier.<\/p>\n<p>La star des Bleus et du Paris Saint-Germain \u00ab et ses repr\u00e9sentants (\u2026) regrettent vivement qu\u2019aucun accord n\u2019ait pu, comme demand\u00e9, \u00eatre trouv\u00e9 en amont de la Coupe du monde \u00bb sur ce sujet qui a d\u00e9j\u00e0 fait pol\u00e9mique en mars. L\u2019entourage de Kylian Mbapp\u00e9 souhaitait une modification de la convention liant la FFF aux joueurs de l\u2019\u00e9quipe de France concernant le sponsoring \u00ab tous les quatre ans, pour \u00eatre en phase avec les \u00e9volutions du secteur \u00bb.<\/p>\n<p>\u00ab Rien ne changera d\u2019ici la Coupe du monde \u00bb<\/p>\n<p>Lors de diff\u00e9rentes rencontres, les conseillers de Kylian Mbapp\u00e9, notamment son avocate, Delphine Verheyden, avaient pu, aupr\u00e8s des dirigeants de la FFF, \u00ab exposer leur position quant \u00e0 la n\u00e9cessit\u00e9 de modifier la convention r\u00e9gissant les conditions d\u2019utilisation de son image \u00bb, poursuit le communiqu\u00e9, et un accord semblait avoir \u00e9t\u00e9 trouv\u00e9 d\u00e9but juin.<\/p>\n<p>Mais le pr\u00e9sident de la FFF, No\u00ebl Le Gra\u00ebt, a expliqu\u00e9 lundi dans L\u2019\u00c9quipe que \u00ab rien ne changera d\u2019ici la Coupe du monde \u00bb. Ces d\u00e9clarations \u00ab renvoyant les discussions apr\u00e8s la Coupe du monde, Kylian Mbapp\u00e9, fid\u00e8le \u00e0 ses positions et comme il l\u2019avait indiqu\u00e9 \u00e0 la FFF, a donc d\u00e9cid\u00e9 de ne pas prendre part \u00e0 la s\u00e9ance photo pr\u00e9vue demain (mardi) \u00bb.<\/p>\n<p>Cette d\u00e9cision \u00ab ne remet \u00e9videmment pas en cause son engagement total et sa d\u00e9termination \u00e0 contribuer \u00e0 la r\u00e9ussite collective de l\u2019\u00e9quipe nationale pour les importantes \u00e9ch\u00e9ances sportives \u00e0 venir \u00bb, conclut le communiqu\u00e9.<\/p>\n<p>Sollicit\u00e9e, la FFF n\u2019avait pas r\u00e9agi en milieu d\u2019apr\u00e8s-midi. No\u00ebl Le Gra\u00ebt et Fran\u00e7ois Vasseur, directeur marketing, sont attendus dans l\u2019apr\u00e8s-midi \u00e0 Clairefontaine, o\u00f9 ils s\u2019entretiendront avec des joueurs, a-t-on appris de source proche du dossier.<\/p>\n<p>Avec AFP<\/p>\n","protected":false},"excerpt":{"rendered":"<p>Kylian Mbapp\u00e9 a annonc\u00e9 lundi qu\u2019il refusait de prendre part \u00e0 la s\u00e9ance photo de l\u2019\u00e9quipe de France pr\u00e9vue mardi. Le joueur des Bleus r\u00e9clame depuis mars dernier une modification de la convention liant la F\u00e9d\u00e9ration fran\u00e7aise de football aux joueurs sur la question des droits \u00e0 l\u2019image. Kylian Mbapp\u00e9 a \u00ab d\u00e9cid\u00e9 de ne [&hellip;]<\/p>\n","protected":false},"author":2,"featured_media":15547,"comment_status":"closed","ping_status":"closed","sticky":false,"template":"","format":"standard","meta":{"footnotes":""},"categories":[64],"tags":[],"class_list":{"0":"post-15546","1":"post","2":"type-post","3":"status-publish","4":"format-standard","5":"has-post-thumbnail","7":"category-sport"},"_links":{"self":[{"href":"https:\/\/conakrynews.org\/index.php\/wp-json\/wp\/v2\/posts\/15546","targetHints":{"allow":["GET"]}}],"collection":[{"href":"https:\/\/conakrynews.org\/index.php\/wp-json\/wp\/v2\/posts"}],"about":[{"href":"https:\/\/conakrynews.org\/index.php\/wp-json\/wp\/v2\/types\/post"}],"author":[{"embeddable":true,"href":"https:\/\/conakrynews.org\/index.php\/wp-json\/wp\/v2\/users\/2"}],"replies":[{"embeddable":true,"href":"https:\/\/conakrynews.org\/index.php\/wp-json\/wp\/v2\/comments?post=15546"}],"version-history":[{"count":0,"href":"https:\/\/conakrynews.org\/index.php\/wp-json\/wp\/v2\/posts\/15546\/revisions"}],"wp:featuredmedia":[{"embeddable":true,"href":"https:\/\/conakrynews.org\/index.php\/wp-json\/wp\/v2\/media\/15547"}],"wp:attachment":[{"href":"https:\/\/conakrynews.org\/index.php\/wp-json\/wp\/v2\/media?parent=15546"}],"wp:term":[{"taxonomy":"category","embeddable":true,"href":"https:\/\/conakrynews.org\/index.php\/wp-json\/wp\/v2\/categories?post=15546"},{"taxonomy":"post_tag","embeddable":true,"href":"https:\/\/conakrynews.org\/index.php\/wp-json\/wp\/v2\/tags?post=15546"}],"curies":[{"name":"wp","href":"https:\/\/api.w.org\/{rel}","templated":true}]}}