{"id":15563,"date":"2022-09-20T13:44:47","date_gmt":"2022-09-20T13:44:47","guid":{"rendered":"https:\/\/conakrynews.org\/?p=15563"},"modified":"2022-09-20T13:44:47","modified_gmt":"2022-09-20T13:44:47","slug":"guinee-sante-certains-citoyens-desapprouvent-larret-de-la-vente-des-medicaments-sur-le-marche-noir","status":"publish","type":"post","link":"https:\/\/conakrynews.org\/index.php\/guinee-sante-certains-citoyens-desapprouvent-larret-de-la-vente-des-medicaments-sur-le-marche-noir\/","title":{"rendered":"Guin\u00e9e\/Sant\u00e9: Certains citoyens d\u00e9sapprouvent l\u2019arr\u00eat de la vente des m\u00e9dicaments sur le march\u00e9 noir"},"content":{"rendered":"<p>l\u2019interdiction de la vente des produits pharmaceutiques par des commer\u00e7ants non agr\u00e9\u00e9s par les autorit\u00e9s  a provoqu\u00e9 des complications chez certains citoyens qui ont l\u2019habitude de se procurer des m\u00e9dicaments dans les boutiques non agr\u00e9\u00e9es.<\/p>\n<p>face \u00e0 cette situation, notre reporter s\u2019est rendu sur le terrain pour connaitre l\u2019avis des citoyens consernant l\u2019arr\u00eat de la vente des m\u00e9dicaments sur le march\u00e9 noir.<\/p>\n<p>Pour madame Sira Traor\u00e9, cette d\u00e9cision des autorit\u00e9s est compliqu\u00e9e et qu\u2019elle n\u2019approuve pas.<\/p>\n<p>\u00ab L\u2019affaire l\u00e0 , je trouve cela tr\u00e8s compliqu\u00e9 , ce que l\u2019\u00c9tat doit savoir, toutes les personnes n\u2019ont pas les m\u00eame mode de vie et moyens. L\u2019Etat devrait d\u2019abord baiser le prix des m\u00e9dicaments de la pharmacie avant d\u2019arr\u00eater la vente sur le march\u00e9 noir \u00ab .<\/p>\n<p>De son c\u00f4t\u00e9, Fatoumata Diallo n\u2019est pas aussi contente pour la femeture de ces boutiques.<\/p>\n<p>\u00ab Ce n\u2019est pas toutes les personnes qui ont les moyens d\u2019aller faire des achats dans les pharmacies, le march\u00e9 noir est moins cher que les pharmacies. Les vendeurs du march\u00e9 noir ont un prix plus bas que ceux des pharmaciens. Par exemple, quand tu achetes un produit \u00e0 2000fg sur le marche, \u00e0 la pharmacie c\u2019est plus cher \u00ab .<\/p>\n<p>Par ailleurs, certains citoyens se sentent rassurer pour la fermetures car, les produits de la pharmacie sont plus efficaces que ceux du march\u00e9 noir.<\/p>\n<p> \u00bb les produits de la pharmacie sont chers mais ces produits sont plus efficaces et ce n\u2019est pas \u00e0 la port\u00e9 de n\u2019importe qui. Les pharmaciens qui vendent ces produit ce sont leurs sp\u00e9cialit\u00e9s en plus quand tu te rend \u00e0 la pharmacie et tu achetes un produit, il t\u2019explique et te donne des consignes \u00bb. Indique-t-il Oumar Ciss\u00e9<\/p>\n<p>Adama Diallo pour guineequotidien<\/p>\n","protected":false},"excerpt":{"rendered":"<p>l\u2019interdiction de la vente des produits pharmaceutiques par des commer\u00e7ants non agr\u00e9\u00e9s par les autorit\u00e9s a provoqu\u00e9 des complications chez certains citoyens qui ont l\u2019habitude de se procurer des m\u00e9dicaments dans les boutiques non agr\u00e9\u00e9es. face \u00e0 cette situation, notre reporter s\u2019est rendu sur le terrain pour connaitre l\u2019avis des citoyens consernant l\u2019arr\u00eat de la [&hellip;]<\/p>\n","protected":false},"author":2,"featured_media":15564,"comment_status":"closed","ping_status":"closed","sticky":false,"template":"","format":"standard","meta":{"footnotes":""},"categories":[59],"tags":[],"class_list":{"0":"post-15563","1":"post","2":"type-post","3":"status-publish","4":"format-standard","5":"has-post-thumbnail","7":"category-sante"},"_links":{"self":[{"href":"https:\/\/conakrynews.org\/index.php\/wp-json\/wp\/v2\/posts\/15563","targetHints":{"allow":["GET"]}}],"collection":[{"href":"https:\/\/conakrynews.org\/index.php\/wp-json\/wp\/v2\/posts"}],"about":[{"href":"https:\/\/conakrynews.org\/index.php\/wp-json\/wp\/v2\/types\/post"}],"author":[{"embeddable":true,"href":"https:\/\/conakrynews.org\/index.php\/wp-json\/wp\/v2\/users\/2"}],"replies":[{"embeddable":true,"href":"https:\/\/conakrynews.org\/index.php\/wp-json\/wp\/v2\/comments?post=15563"}],"version-history":[{"count":0,"href":"https:\/\/conakrynews.org\/index.php\/wp-json\/wp\/v2\/posts\/15563\/revisions"}],"wp:featuredmedia":[{"embeddable":true,"href":"https:\/\/conakrynews.org\/index.php\/wp-json\/wp\/v2\/media\/15564"}],"wp:attachment":[{"href":"https:\/\/conakrynews.org\/index.php\/wp-json\/wp\/v2\/media?parent=15563"}],"wp:term":[{"taxonomy":"category","embeddable":true,"href":"https:\/\/conakrynews.org\/index.php\/wp-json\/wp\/v2\/categories?post=15563"},{"taxonomy":"post_tag","embeddable":true,"href":"https:\/\/conakrynews.org\/index.php\/wp-json\/wp\/v2\/tags?post=15563"}],"curies":[{"name":"wp","href":"https:\/\/api.w.org\/{rel}","templated":true}]}}