{"id":15567,"date":"2022-09-20T15:19:59","date_gmt":"2022-09-20T15:19:59","guid":{"rendered":"https:\/\/conakrynews.org\/?p=15567"},"modified":"2022-09-20T15:19:59","modified_gmt":"2022-09-20T15:19:59","slug":"le-sommet-extraordinaire-de-la-cedeao-se-tiendra-ce-jeudi-en-marge-de-lassemblee-generale-de-lonu","status":"publish","type":"post","link":"https:\/\/conakrynews.org\/index.php\/le-sommet-extraordinaire-de-la-cedeao-se-tiendra-ce-jeudi-en-marge-de-lassemblee-generale-de-lonu\/","title":{"rendered":"Le sommet extraordinaire de la C\u00e9d\u00e9ao se tiendra ce jeudi en marge de l\u2019Assembl\u00e9e g\u00e9n\u00e9rale de l\u2019ONU"},"content":{"rendered":"\n<p>Selon des sources bissau-guin\u00e9ennes, le sommet extraordinaire de la C\u00e9d\u00e9ao qui sera consacr\u00e9 notamment \u00e0 la question des 46 militaires ivoiriens retenus au Mali depuis le 10 juillet, se tiendra jeudi 22 septembre en marge de l\u2019Assembl\u00e9e g\u00e9n\u00e9rale de l\u2019ONU \u00e0 New York \u00e0 partir de 17h30 heure locale. La Guin\u00e9e-Bissau assure en ce moment la pr\u00e9sidence tournante de la C\u00e9d\u00e9ao.<\/p>\n<p>Avec RFI<\/p>\n","protected":false},"excerpt":{"rendered":"<p>Selon des sources bissau-guin\u00e9ennes, le sommet extraordinaire de la C\u00e9d\u00e9ao qui sera consacr\u00e9 notamment \u00e0 la question des 46 militaires ivoiriens retenus au Mali depuis le 10 juillet, se tiendra jeudi 22 septembre en marge de l\u2019Assembl\u00e9e g\u00e9n\u00e9rale de l\u2019ONU \u00e0 New York \u00e0 partir de 17h30 heure locale. La Guin\u00e9e-Bissau assure en ce moment [&hellip;]<\/p>\n","protected":false},"author":2,"featured_media":15568,"comment_status":"closed","ping_status":"closed","sticky":false,"template":"","format":"standard","meta":{"footnotes":""},"categories":[57],"tags":[],"class_list":{"0":"post-15567","1":"post","2":"type-post","3":"status-publish","4":"format-standard","5":"has-post-thumbnail","7":"category-politique"},"_links":{"self":[{"href":"https:\/\/conakrynews.org\/index.php\/wp-json\/wp\/v2\/posts\/15567","targetHints":{"allow":["GET"]}}],"collection":[{"href":"https:\/\/conakrynews.org\/index.php\/wp-json\/wp\/v2\/posts"}],"about":[{"href":"https:\/\/conakrynews.org\/index.php\/wp-json\/wp\/v2\/types\/post"}],"author":[{"embeddable":true,"href":"https:\/\/conakrynews.org\/index.php\/wp-json\/wp\/v2\/users\/2"}],"replies":[{"embeddable":true,"href":"https:\/\/conakrynews.org\/index.php\/wp-json\/wp\/v2\/comments?post=15567"}],"version-history":[{"count":0,"href":"https:\/\/conakrynews.org\/index.php\/wp-json\/wp\/v2\/posts\/15567\/revisions"}],"wp:featuredmedia":[{"embeddable":true,"href":"https:\/\/conakrynews.org\/index.php\/wp-json\/wp\/v2\/media\/15568"}],"wp:attachment":[{"href":"https:\/\/conakrynews.org\/index.php\/wp-json\/wp\/v2\/media?parent=15567"}],"wp:term":[{"taxonomy":"category","embeddable":true,"href":"https:\/\/conakrynews.org\/index.php\/wp-json\/wp\/v2\/categories?post=15567"},{"taxonomy":"post_tag","embeddable":true,"href":"https:\/\/conakrynews.org\/index.php\/wp-json\/wp\/v2\/tags?post=15567"}],"curies":[{"name":"wp","href":"https:\/\/api.w.org\/{rel}","templated":true}]}}