{"id":15586,"date":"2022-09-21T15:33:02","date_gmt":"2022-09-21T15:33:02","guid":{"rendered":"https:\/\/conakrynews.org\/?p=15586"},"modified":"2022-09-21T15:56:13","modified_gmt":"2022-09-21T15:56:13","slug":"urgent-le-president-mamadi-doumbouya-quittera-la-guinee-pour-sa-premiere-fois-depuis-sa-prise-du-pouvoir-le-5-septembre-par-coup-detat","status":"publish","type":"post","link":"https:\/\/conakrynews.org\/index.php\/urgent-le-president-mamadi-doumbouya-quittera-la-guinee-pour-sa-premiere-fois-depuis-sa-prise-du-pouvoir-le-5-septembre-par-coup-detat\/","title":{"rendered":"Urgent : Le pr\u00e9sident Mamadi  Doumbouya quittera  la Guin\u00e9e pour sa  premi\u00e8re fois&#8230;"},"content":{"rendered":"<p>C&rsquo;est une information de derni\u00e8re minute.Le minist\u00e8re des affaires \u00e9trang\u00e8res du Mali vient de confirmer les informations sur la visite du pr\u00e9sident guin\u00e9en, colonel Mamadi Doumbouya dans  leur pays \u00e0 travers une lettre officielle.<\/p>\n<p>Selon le contenu de cette lettre des autorit\u00e9s  maliennes , il a \u00e9t\u00e9 indiqu\u00e9  que l\u2019avion de la d\u00e9l\u00e9gation guin\u00e9enne  devrait atterrir  dans les environs de 15h sur le tarmac de l\u2019a\u00e9roport international Modibo Keita.<\/p>\n<p>Les autorit\u00e9s maliennes  selon toujours  la lettre du minist\u00e8re des affaires \u00e9trang\u00e8res du Mali,  ont convi\u00e9  par la m\u00eame occasion les chefs de missions diplomatiques au Pavillon pr\u00e9sidentiel de l\u2019a\u00e9roport international Modibo Keita   pour les c\u00e9r\u00e9monies protocolaires \u00e0 l\u2019arriv\u00e9e et au d\u00e9part de l\u2019h\u00f4te du Mali.<\/p>\n<p>Il faut rappeler que la junte militaire  guin\u00e9enne depuis sa prise du pouvoir le 05 septembre 2021 \u00e0 travers un coup d\u2019Etat, c\u2019est la  premi\u00e8re  fois qu&rsquo;il va quitter la Guin\u00e9e pour une autre destination.<\/p>\n<p>Sylla Ibrahima Kalil,pour www conakrynews.org  625444534<\/p>\n","protected":false},"excerpt":{"rendered":"<p>C&rsquo;est une information de derni\u00e8re minute.Le minist\u00e8re des affaires \u00e9trang\u00e8res du Mali vient de confirmer les informations sur la visite du pr\u00e9sident guin\u00e9en, colonel Mamadi Doumbouya dans leur pays \u00e0 travers une lettre officielle. Selon le contenu de cette lettre des autorit\u00e9s maliennes , il a \u00e9t\u00e9 indiqu\u00e9 que l\u2019avion de la d\u00e9l\u00e9gation guin\u00e9enne devrait [&hellip;]<\/p>\n","protected":false},"author":2,"featured_media":15589,"comment_status":"closed","ping_status":"closed","sticky":false,"template":"","format":"standard","meta":{"footnotes":""},"categories":[57],"tags":[],"class_list":{"0":"post-15586","1":"post","2":"type-post","3":"status-publish","4":"format-standard","5":"has-post-thumbnail","7":"category-politique"},"_links":{"self":[{"href":"https:\/\/conakrynews.org\/index.php\/wp-json\/wp\/v2\/posts\/15586","targetHints":{"allow":["GET"]}}],"collection":[{"href":"https:\/\/conakrynews.org\/index.php\/wp-json\/wp\/v2\/posts"}],"about":[{"href":"https:\/\/conakrynews.org\/index.php\/wp-json\/wp\/v2\/types\/post"}],"author":[{"embeddable":true,"href":"https:\/\/conakrynews.org\/index.php\/wp-json\/wp\/v2\/users\/2"}],"replies":[{"embeddable":true,"href":"https:\/\/conakrynews.org\/index.php\/wp-json\/wp\/v2\/comments?post=15586"}],"version-history":[{"count":0,"href":"https:\/\/conakrynews.org\/index.php\/wp-json\/wp\/v2\/posts\/15586\/revisions"}],"wp:featuredmedia":[{"embeddable":true,"href":"https:\/\/conakrynews.org\/index.php\/wp-json\/wp\/v2\/media\/15589"}],"wp:attachment":[{"href":"https:\/\/conakrynews.org\/index.php\/wp-json\/wp\/v2\/media?parent=15586"}],"wp:term":[{"taxonomy":"category","embeddable":true,"href":"https:\/\/conakrynews.org\/index.php\/wp-json\/wp\/v2\/categories?post=15586"},{"taxonomy":"post_tag","embeddable":true,"href":"https:\/\/conakrynews.org\/index.php\/wp-json\/wp\/v2\/tags?post=15586"}],"curies":[{"name":"wp","href":"https:\/\/api.w.org\/{rel}","templated":true}]}}