{"id":15608,"date":"2022-09-21T16:40:53","date_gmt":"2022-09-21T16:40:53","guid":{"rendered":"https:\/\/conakrynews.org\/?p=15608"},"modified":"2022-09-21T16:40:53","modified_gmt":"2022-09-21T16:40:53","slug":"poutine-mobilise-300-000-hommes-et-menace-loccident-le-but-de-louest-est-daffaiblir-de-diviser-et-de-detruire-la-russie","status":"publish","type":"post","link":"https:\/\/conakrynews.org\/index.php\/poutine-mobilise-300-000-hommes-et-menace-loccident-le-but-de-louest-est-daffaiblir-de-diviser-et-de-detruire-la-russie\/","title":{"rendered":"Poutine mobilise 300.000 hommes et menace l\u2019Occident : \u00ab le but de l\u2019Ouest est d\u2019affaiblir, de diviser et de d\u00e9truire la Russie \u00bb"},"content":{"rendered":"<p>Le pr\u00e9sident russe Vladimir Poutine a annonc\u00e9 mercredi une \u00ab mobilisation partielle \u00bb des Russes en \u00e2ge de combattre, soit 300.000 r\u00e9servistes, ouvrant la voie \u00e0 une escalade majeure dans le conflit en Ukraine.<\/p>\n<p>Il a aussi laiss\u00e9 entendre qu\u2019il \u00e9tait pr\u00eat \u00e0 user de l\u2019arme nucl\u00e9aire pour d\u00e9fendre la Russie face \u00e0 l\u2019Occident, qu\u2019il accuse d\u2019\u00eatre d\u00e9termin\u00e9 \u00e0 d\u00e9truire son pays.<\/p>\n<p>\u00ab J\u2019estime n\u00e9cessaire de soutenir la proposition (du minist\u00e8re de la D\u00e9fense) de mobilisation partielle des citoyens en r\u00e9serve, ceux qui ont d\u00e9j\u00e0 servi (\u2026) et qui ont une exp\u00e9rience pertinente \u00bb, a d\u00e9clar\u00e9 M. Poutine dans une allocution t\u00e9l\u00e9vis\u00e9e enregistr\u00e9e.<\/p>\n<p>\u00ab Le d\u00e9cret sur la mobilisation partielle est sign\u00e9 \u00bb et entrera en vigueur \u00ab aujourd\u2019hui \u00bb mercredi, a ajout\u00e9 le pr\u00e9sident russe.<\/p>\n<p>\u00ab Nous ne parlons que de mobilisation partielle \u00bb, a-t-il affirm\u00e9, alors que des rumeurs sur une mobilisation g\u00e9n\u00e9rale couraient ces derni\u00e8res heures.<\/p>\n<p>Selon le ministre russe de la D\u00e9fense, Sergue\u00ef Cho\u00efgou, cela repr\u00e9sente 300.000 r\u00e9servistes, soit \u00ab un peu plus de 1% \u00bb du nombre de personnes mobilisables dans le pays, estim\u00e9 \u00e0 quelque 25 millions de personnes.<\/p>\n<p>Ces renforts seront d\u00e9ploy\u00e9s pour \u00ab consolider \u00bb et \u00ab contr\u00f4ler \u00bb les lignes arri\u00e8res, le long d\u2019 \u00bbune ligne de front qui fait plus de 1.000 kilom\u00e8tres \u00bb dans le sud et l\u2019est de l\u2019Ukraine.<\/p>\n<p>Cette d\u00e9cision intervient alors que les forces ukrainiennes ont men\u00e9 une s\u00e9rie de contre-offensive en septembre, for\u00e7ant en particulier \u00e0 la retraite l\u2019arm\u00e9e russe dans la r\u00e9gion de Kharkiv (nord-est de l\u2019Ukraine).<\/p>\n<p>M. Cho\u00efgou a reconnu par ailleurs un bilan de 5.937 soldats tu\u00e9s depuis le d\u00e9but de son offensive fin f\u00e9vrier, un bilan largement en de\u00e7\u00e0 des estimations ukrainiennes et occidentales.<\/p>\n<p>Le dernier bilan annonc\u00e9 par le minist\u00e8re de la D\u00e9fense russe faisait \u00e9tat fin mars de 1.351 soldats tu\u00e9s.<\/p>\n<p>Face \u00e0 \u00ab la menace \u00bb repr\u00e9sent\u00e9e selon Vladimir Poutine par \u00ab le r\u00e9gime nazi de Kiev \u00bb et \u00ab la machine de guerre de l\u2019Occident \u00bb, \u00ab nous utiliserons certainement tous les moyens \u00e0 notre disposition pour prot\u00e9ger la Russie et notre peuple \u00bb, a averti le pr\u00e9sident russe mercredi, faisant clairement allusion aux armes nucl\u00e9aires.<\/p>\n<p>La menace r\u00e9sonne d\u2019autant plus fort que des r\u00e9f\u00e9rendums d\u2019annexion par la Russie sont pr\u00e9vus dans quatre r\u00e9gions ukrainiennes \u00e0 partir de vendredi.<\/p>\n<p>\u00ab Le but de l\u2019Ouest est d\u2019affaiblir, de diviser et de d\u00e9truire la Russie \u00bb, a lanc\u00e9 le pr\u00e9sident russe dans son allocution t\u00e9l\u00e9vis\u00e9e.<\/p>\n<p>Selon lui, l\u2019Occident souhaite \u00ab supprimer les centres de d\u00e9veloppement souverains et ind\u00e9pendants \u00bb dans le monde pour se renforcer.<\/p>\n<p>\u00ab Les objectifs de l\u2019op\u00e9ration militaire ont \u00e9t\u00e9 et restent inchang\u00e9s \u00bb, a enfin dit M. Poutine.<\/p>\n<p>La Russie a lanc\u00e9 son offensive en Ukraine en affirmant vouloir y d\u00e9fendre les populations russophones opprim\u00e9es par un pouvoir \u00ab nazi \u00bb et pour d\u00e9militariser le pays.<\/p>\n<p>AFP<\/p>\n","protected":false},"excerpt":{"rendered":"<p>Le pr\u00e9sident russe Vladimir Poutine a annonc\u00e9 mercredi une \u00ab mobilisation partielle \u00bb des Russes en \u00e2ge de combattre, soit 300.000 r\u00e9servistes, ouvrant la voie \u00e0 une escalade majeure dans le conflit en Ukraine. Il a aussi laiss\u00e9 entendre qu\u2019il \u00e9tait pr\u00eat \u00e0 user de l\u2019arme nucl\u00e9aire pour d\u00e9fendre la Russie face \u00e0 l\u2019Occident, qu\u2019il [&hellip;]<\/p>\n","protected":false},"author":2,"featured_media":15609,"comment_status":"closed","ping_status":"closed","sticky":false,"template":"","format":"standard","meta":{"footnotes":""},"categories":[57],"tags":[],"class_list":{"0":"post-15608","1":"post","2":"type-post","3":"status-publish","4":"format-standard","5":"has-post-thumbnail","7":"category-politique"},"_links":{"self":[{"href":"https:\/\/conakrynews.org\/index.php\/wp-json\/wp\/v2\/posts\/15608","targetHints":{"allow":["GET"]}}],"collection":[{"href":"https:\/\/conakrynews.org\/index.php\/wp-json\/wp\/v2\/posts"}],"about":[{"href":"https:\/\/conakrynews.org\/index.php\/wp-json\/wp\/v2\/types\/post"}],"author":[{"embeddable":true,"href":"https:\/\/conakrynews.org\/index.php\/wp-json\/wp\/v2\/users\/2"}],"replies":[{"embeddable":true,"href":"https:\/\/conakrynews.org\/index.php\/wp-json\/wp\/v2\/comments?post=15608"}],"version-history":[{"count":0,"href":"https:\/\/conakrynews.org\/index.php\/wp-json\/wp\/v2\/posts\/15608\/revisions"}],"wp:featuredmedia":[{"embeddable":true,"href":"https:\/\/conakrynews.org\/index.php\/wp-json\/wp\/v2\/media\/15609"}],"wp:attachment":[{"href":"https:\/\/conakrynews.org\/index.php\/wp-json\/wp\/v2\/media?parent=15608"}],"wp:term":[{"taxonomy":"category","embeddable":true,"href":"https:\/\/conakrynews.org\/index.php\/wp-json\/wp\/v2\/categories?post=15608"},{"taxonomy":"post_tag","embeddable":true,"href":"https:\/\/conakrynews.org\/index.php\/wp-json\/wp\/v2\/tags?post=15608"}],"curies":[{"name":"wp","href":"https:\/\/api.w.org\/{rel}","templated":true}]}}