{"id":15626,"date":"2022-09-22T00:59:26","date_gmt":"2022-09-22T00:59:26","guid":{"rendered":"https:\/\/conakrynews.org\/?p=15626"},"modified":"2022-09-22T01:19:15","modified_gmt":"2022-09-22T01:19:15","slug":"guinee-des-coalitions-rejettent-en-bloc-le-cadre-de-dialogue-inclusif-annonce-par-les-autorites-de-la-transition","status":"publish","type":"post","link":"https:\/\/conakrynews.org\/index.php\/guinee-des-coalitions-rejettent-en-bloc-le-cadre-de-dialogue-inclusif-annonce-par-les-autorites-de-la-transition\/","title":{"rendered":"Guin\u00e9e :Des Coalitions politiques rejettent en bloc le cadre de dialogue  inclusif  annonc\u00e9 par les autorit\u00e9s de la transition"},"content":{"rendered":"<p>Recemment cr\u00e9\u00e9 \u00e0 travers un d\u00e9cret du pr\u00e9sident  de la transition Colonel Mamadi Doumbouya, les principaux acteurs politiques de l&rsquo;opposition  rejettent  en bloc  le cadre de dialogue inclusif annonc\u00e9 par les autorit\u00e9s guin\u00e9ennes. Les principales coalitions  politiques de l\u2019ANAD, la CORED,le RPG-ARC-EN-CIEL et FNDC POLITIQUES ont d\u00e9clar\u00e9 qu&rsquo;elles ne se reconnaissent pas dans ce nouveau cadre.<\/p>\n<p>Lisez cette d\u00e9claration des coalitions!<\/p>\n<p><img loading=\"lazy\" decoding=\"async\" src=\"https:\/\/conakrynews.org\/wp-content\/uploads\/2022\/09\/decal-1-357x375.png\" alt=\"\" width=\"357\" height=\"375\" class=\"alignright size-medium wp-image-15627\" srcset=\"https:\/\/conakrynews.org\/wp-content\/uploads\/2022\/09\/decal-1-357x375.png 357w, https:\/\/conakrynews.org\/wp-content\/uploads\/2022\/09\/decal-1.png 650w\" sizes=\"auto, (max-width: 357px) 100vw, 357px\" \/><\/p>\n<p> <img loading=\"lazy\" decoding=\"async\" src=\"https:\/\/conakrynews.org\/wp-content\/uploads\/2022\/09\/decc-1-357x375.png\" alt=\"\" width=\"357\" height=\"375\" class=\"alignright size-medium wp-image-15638\" srcset=\"https:\/\/conakrynews.org\/wp-content\/uploads\/2022\/09\/decc-1-357x375.png 357w, https:\/\/conakrynews.org\/wp-content\/uploads\/2022\/09\/decc-1.png 650w\" sizes=\"auto, (max-width: 357px) 100vw, 357px\" \/><\/p>\n<p>Sylla Ibrahima Kalil,pour www conakrynews.org 625444534<\/p>\n","protected":false},"excerpt":{"rendered":"<p>Recemment cr\u00e9\u00e9 \u00e0 travers un d\u00e9cret du pr\u00e9sident de la transition Colonel Mamadi Doumbouya, les principaux acteurs politiques de l&rsquo;opposition rejettent en bloc le cadre de dialogue inclusif annonc\u00e9 par les autorit\u00e9s guin\u00e9ennes. Les principales coalitions politiques de l\u2019ANAD, la CORED,le RPG-ARC-EN-CIEL et FNDC POLITIQUES ont d\u00e9clar\u00e9 qu&rsquo;elles ne se reconnaissent pas dans ce nouveau [&hellip;]<\/p>\n","protected":false},"author":2,"featured_media":15635,"comment_status":"closed","ping_status":"closed","sticky":false,"template":"","format":"standard","meta":{"footnotes":""},"categories":[57],"tags":[],"class_list":{"0":"post-15626","1":"post","2":"type-post","3":"status-publish","4":"format-standard","5":"has-post-thumbnail","7":"category-politique"},"_links":{"self":[{"href":"https:\/\/conakrynews.org\/index.php\/wp-json\/wp\/v2\/posts\/15626","targetHints":{"allow":["GET"]}}],"collection":[{"href":"https:\/\/conakrynews.org\/index.php\/wp-json\/wp\/v2\/posts"}],"about":[{"href":"https:\/\/conakrynews.org\/index.php\/wp-json\/wp\/v2\/types\/post"}],"author":[{"embeddable":true,"href":"https:\/\/conakrynews.org\/index.php\/wp-json\/wp\/v2\/users\/2"}],"replies":[{"embeddable":true,"href":"https:\/\/conakrynews.org\/index.php\/wp-json\/wp\/v2\/comments?post=15626"}],"version-history":[{"count":0,"href":"https:\/\/conakrynews.org\/index.php\/wp-json\/wp\/v2\/posts\/15626\/revisions"}],"wp:featuredmedia":[{"embeddable":true,"href":"https:\/\/conakrynews.org\/index.php\/wp-json\/wp\/v2\/media\/15635"}],"wp:attachment":[{"href":"https:\/\/conakrynews.org\/index.php\/wp-json\/wp\/v2\/media?parent=15626"}],"wp:term":[{"taxonomy":"category","embeddable":true,"href":"https:\/\/conakrynews.org\/index.php\/wp-json\/wp\/v2\/categories?post=15626"},{"taxonomy":"post_tag","embeddable":true,"href":"https:\/\/conakrynews.org\/index.php\/wp-json\/wp\/v2\/tags?post=15626"}],"curies":[{"name":"wp","href":"https:\/\/api.w.org\/{rel}","templated":true}]}}