{"id":15663,"date":"2022-09-22T12:21:15","date_gmt":"2022-09-22T12:21:15","guid":{"rendered":"https:\/\/conakrynews.org\/?p=15663"},"modified":"2022-09-22T12:24:29","modified_gmt":"2022-09-22T12:24:29","slug":"yimbaya-un-militaire-emporte-par-les-eaux-de-ruissellement-son-corps-introuvable","status":"publish","type":"post","link":"https:\/\/conakrynews.org\/index.php\/yimbaya-un-militaire-emporte-par-les-eaux-de-ruissellement-son-corps-introuvable\/","title":{"rendered":"Yimbaya : Un Militaire Emport\u00e9 Par Les Eaux De Ruissellement, Son Corps Introuvable"},"content":{"rendered":"<p>C\u2019est un drame qui s\u2019est produit dans la nuit d\u2019hier mercredi, aux environs de 22h -23h. Au quartier Tan\u00e8n\u00e8 March\u00e9, situ\u00e9 \u00e0 quelques microns du Camp Alpha Yaya Diallo, commune de Matoto, un militaire a \u00e9t\u00e9 emport\u00e9, sous les coups de la forte pluie, par les eaux de ruissellement et il en serait mort.<\/p>\n<p>Selon les informations recueillies par la r\u00e9daction d\u2019avenirguinee.org sur les lieux du drame ce jeudi matin, Fayimba Traor\u00e9 pour les uns, et Commando pour les autres, \u00e9tait venu se procurer de la nourriture \u201cati\u00e8k\u00e8\u201d au bord de la route. Coinc\u00e9 chez la vendeuse \u00e0 cause de la pluie battante, il n\u2019a pas pu se retenir de vouloir d\u00e9placer sa moto loin du courant d\u2019eau qui d\u00e9bordait des caniveaux alors qu\u2019aucune visibilit\u00e9 de la surface n\u2019\u00e9tait possible.<\/p>\n<p>En l\u2019essayant, son pied d\u2019appui s\u2019est plac\u00e9 dans la petite fosse creus\u00e9e r\u00e9cemment pour la fibre optique. Et, nous apprend-on, l\u2019autre pied a \u00e9t\u00e9 pris de court par les eaux dans le caniveau.<\/p>\n<p>D\u2019apr\u00e8s le chef du quartier, El hadj Momo Kaba que nous avons rencontr\u00e9 \u00e0 son domicile, son corps n\u2019avait jusqu\u2019ici (10h 12\u2019) pas \u00e9t\u00e9 retrouv\u00e9. Il dit d\u2019ailleurs avoir instruit \u00e0 ses chefs secteurs de lui remonter les informations \u00e0 propos du drame. Ce, en attendant de s\u2019enqu\u00e9rir de la situation aupr\u00e8s du camp Alpha Yaya Diallo.<\/p>\n<p>Source:avenirguinee.net<\/p>\n","protected":false},"excerpt":{"rendered":"<p>C\u2019est un drame qui s\u2019est produit dans la nuit d\u2019hier mercredi, aux environs de 22h -23h. Au quartier Tan\u00e8n\u00e8 March\u00e9, situ\u00e9 \u00e0 quelques microns du Camp Alpha Yaya Diallo, commune de Matoto, un militaire a \u00e9t\u00e9 emport\u00e9, sous les coups de la forte pluie, par les eaux de ruissellement et il en serait mort. Selon [&hellip;]<\/p>\n","protected":false},"author":2,"featured_media":15665,"comment_status":"closed","ping_status":"closed","sticky":false,"template":"","format":"standard","meta":{"footnotes":""},"categories":[58],"tags":[],"class_list":{"0":"post-15663","1":"post","2":"type-post","3":"status-publish","4":"format-standard","5":"has-post-thumbnail","7":"category-societe"},"_links":{"self":[{"href":"https:\/\/conakrynews.org\/index.php\/wp-json\/wp\/v2\/posts\/15663","targetHints":{"allow":["GET"]}}],"collection":[{"href":"https:\/\/conakrynews.org\/index.php\/wp-json\/wp\/v2\/posts"}],"about":[{"href":"https:\/\/conakrynews.org\/index.php\/wp-json\/wp\/v2\/types\/post"}],"author":[{"embeddable":true,"href":"https:\/\/conakrynews.org\/index.php\/wp-json\/wp\/v2\/users\/2"}],"replies":[{"embeddable":true,"href":"https:\/\/conakrynews.org\/index.php\/wp-json\/wp\/v2\/comments?post=15663"}],"version-history":[{"count":0,"href":"https:\/\/conakrynews.org\/index.php\/wp-json\/wp\/v2\/posts\/15663\/revisions"}],"wp:featuredmedia":[{"embeddable":true,"href":"https:\/\/conakrynews.org\/index.php\/wp-json\/wp\/v2\/media\/15665"}],"wp:attachment":[{"href":"https:\/\/conakrynews.org\/index.php\/wp-json\/wp\/v2\/media?parent=15663"}],"wp:term":[{"taxonomy":"category","embeddable":true,"href":"https:\/\/conakrynews.org\/index.php\/wp-json\/wp\/v2\/categories?post=15663"},{"taxonomy":"post_tag","embeddable":true,"href":"https:\/\/conakrynews.org\/index.php\/wp-json\/wp\/v2\/tags?post=15663"}],"curies":[{"name":"wp","href":"https:\/\/api.w.org\/{rel}","templated":true}]}}