{"id":15671,"date":"2022-09-22T19:44:26","date_gmt":"2022-09-22T19:44:26","guid":{"rendered":"https:\/\/conakrynews.org\/?p=15671"},"modified":"2022-09-22T19:44:26","modified_gmt":"2022-09-22T19:44:26","slug":"notre-position-avec-le-mali-nous-lassumons-parce-que-le-mali-est-un-pays-frere-dixit-colonel-mamadi-doumboumya","status":"publish","type":"post","link":"https:\/\/conakrynews.org\/index.php\/notre-position-avec-le-mali-nous-lassumons-parce-que-le-mali-est-un-pays-frere-dixit-colonel-mamadi-doumboumya\/","title":{"rendered":"\u00ab\u00a0Notre position avec le Mali, nous l\u2019assumons. Parce que le Mali est un pays fr\u00e8re\u00a0\u00bb, dixit Colonel Mamadi Doumboumya"},"content":{"rendered":"<p>\u2019<\/p>\n<p>Pour son premier d\u00e9placement officiel hors des fronti\u00e8res guin\u00e9ennes, depuis son coup d\u2019Etat contre Alpha Cond\u00e9, le 05 septembre 2021. Le pr\u00e9sident de la transition, Colonel Mamadi Doumbouya a choisi le Mali du pr\u00e9sident Assimi Go\u00efta pour assister aux festivit\u00e9s de l\u2019ind\u00e9pendance Malienne, selon le courrier consult\u00e9 par notre r\u00e9daction.<\/p>\n<p>Consid\u00e9r\u00e9 comme le plus proche du Colonel Assimi Go\u00efta, le chef de la junte guin\u00e9enne a d\u00e9clin\u00e9 l\u2019objectif de son voyage au Mali lors de son atterrissage \u00e0 l\u2019a\u00e9roport international Modibo Keita de Bamako. Pour lui cette premi\u00e8re visite \u00e0 Bamako s\u2019inscrit dans le cadre du renforcement des relations d\u2019amiti\u00e9 et de coop\u00e9ration entre la Guin\u00e9e et le Mali, nous dit-on.<\/p>\n<p>\u2018\u2019Li\u00e9s par l\u2019histoire et la g\u00e9ographie, la Guin\u00e9e et le Mali sous les magist\u00e8res du colonel Mamadi Doumbouya et du colonel Assimi Go\u00efta, ont tiennent \u00e0 donner de l\u2019allant aux relations s\u00e9culaires, et ce, dans l\u2019int\u00e9r\u00eat des deux pays. Cette dynamique est surtout marqu\u00e9e par la signature de plusieurs accords de coop\u00e9ration entre Conakry et Bamako dans le domaine des transports notamment. Et cette visite sera mise \u00e0 profit pour \u00e9changer sur la coop\u00e9ration entre leurs pays\u2019\u2019, indique la direction de la communication et de l\u2019information du palais Mohamed V.<\/p>\n<p>A son arriv\u00e9e \u00e0 l\u2019a\u00e9roport de Bamako, apr\u00e8s avoir pass\u00e9 en revue les troupes militaires, le chef de l\u2019Etat guin\u00e9en a soulign\u00e9 que \u2018\u2019je suis \u00e0 Bamako \u00e0 cot\u00e9 de mon fr\u00e8re le pr\u00e9sident Assimi pour f\u00eater l\u2019ind\u00e9pendance du Mali, accompagn\u00e9 le peuple malien qui est un peuple fr\u00e8re. Pour moi, il est important d\u2019\u00eatre \u00e0 Bamako pour f\u00eater l\u2019ind\u00e9pendance du Mali avec les fr\u00e8res maliens\u2019\u2019.<\/p>\n<p>\u2018\u2019Je voudrais dire \u00e0 ceux qui en mise \u00e0 condition op\u00e9rationnelle pour la mission au Mali, je vous demande de vous concentrer, de vous pr\u00e9parer et d\u2019\u00eatre pr\u00eats \u00e0 d\u00e9fendre le Mali, \u00e0 continuer le panafricanisme et l\u2019assumer (\u2026). Notre position avec le Mali, nous l\u2019assumons. Parce que le Mali est un pays fr\u00e8re. Nous sommes dans ce pays depuis le d\u00e9but de la crise. Et nous allons y rester jusqu\u2019\u00e0 la fin de la crise pour aider nos fr\u00e8res maliens\u2019\u2019, a-t-il soulign\u00e9 devant les soldats guin\u00e9ens d\u00e9ploy\u00e9s dans le cadre de la mission des nations unies  (MINUSMA).<\/p>\n<p>Mohamed Camara<\/p>\n","protected":false},"excerpt":{"rendered":"<p>\u2019 Pour son premier d\u00e9placement officiel hors des fronti\u00e8res guin\u00e9ennes, depuis son coup d\u2019Etat contre Alpha Cond\u00e9, le 05 septembre 2021. Le pr\u00e9sident de la transition, Colonel Mamadi Doumbouya a choisi le Mali du pr\u00e9sident Assimi Go\u00efta pour assister aux festivit\u00e9s de l\u2019ind\u00e9pendance Malienne, selon le courrier consult\u00e9 par notre r\u00e9daction. Consid\u00e9r\u00e9 comme le plus [&hellip;]<\/p>\n","protected":false},"author":2,"featured_media":15672,"comment_status":"closed","ping_status":"closed","sticky":false,"template":"","format":"standard","meta":{"footnotes":""},"categories":[57],"tags":[],"class_list":{"0":"post-15671","1":"post","2":"type-post","3":"status-publish","4":"format-standard","5":"has-post-thumbnail","7":"category-politique"},"_links":{"self":[{"href":"https:\/\/conakrynews.org\/index.php\/wp-json\/wp\/v2\/posts\/15671","targetHints":{"allow":["GET"]}}],"collection":[{"href":"https:\/\/conakrynews.org\/index.php\/wp-json\/wp\/v2\/posts"}],"about":[{"href":"https:\/\/conakrynews.org\/index.php\/wp-json\/wp\/v2\/types\/post"}],"author":[{"embeddable":true,"href":"https:\/\/conakrynews.org\/index.php\/wp-json\/wp\/v2\/users\/2"}],"replies":[{"embeddable":true,"href":"https:\/\/conakrynews.org\/index.php\/wp-json\/wp\/v2\/comments?post=15671"}],"version-history":[{"count":0,"href":"https:\/\/conakrynews.org\/index.php\/wp-json\/wp\/v2\/posts\/15671\/revisions"}],"wp:featuredmedia":[{"embeddable":true,"href":"https:\/\/conakrynews.org\/index.php\/wp-json\/wp\/v2\/media\/15672"}],"wp:attachment":[{"href":"https:\/\/conakrynews.org\/index.php\/wp-json\/wp\/v2\/media?parent=15671"}],"wp:term":[{"taxonomy":"category","embeddable":true,"href":"https:\/\/conakrynews.org\/index.php\/wp-json\/wp\/v2\/categories?post=15671"},{"taxonomy":"post_tag","embeddable":true,"href":"https:\/\/conakrynews.org\/index.php\/wp-json\/wp\/v2\/tags?post=15671"}],"curies":[{"name":"wp","href":"https:\/\/api.w.org\/{rel}","templated":true}]}}