{"id":15685,"date":"2022-09-23T23:20:33","date_gmt":"2022-09-23T23:20:33","guid":{"rendered":"https:\/\/conakrynews.org\/?p=15685"},"modified":"2022-09-23T23:39:54","modified_gmt":"2022-09-23T23:39:54","slug":"embalo-na-injurie-ou-offense-ni-la-guinee-ni-aucun-dirigeant-de-la-transit","status":"publish","type":"post","link":"https:\/\/conakrynews.org\/index.php\/embalo-na-injurie-ou-offense-ni-la-guinee-ni-aucun-dirigeant-de-la-transit\/","title":{"rendered":"Guin\u00e9e : \u2039\u2039Embalo n\u2019a injuri\u00e9 ou offens\u00e9 ni la Guin\u00e9e ni aucun dirigeant de la transition \u203a\u203a, Me Traor\u00e9"},"content":{"rendered":"\n<p>Le Pr\u00e9sident de la Conf\u00e9rence des Chefs d\u2019\u00c9tat de la CEDEAO a commis une v\u00e9ritable bourde diplomatique en annon\u00e7ant des sanctions contre la Guin\u00e9e avant la tenue du sommet pr\u00e9vu sur le cas guin\u00e9en.<\/p>\n<p>Dans tous les cas, c\u2019est un habitu\u00e9 des impairs diplomatiques. Mais il n\u2019a injuri\u00e9 ou offens\u00e9 ni la Guin\u00e9e ni aucun dirigeant de la transition. Ses paroles peuvent choquer ou d\u00e9ranger certains. Mais on n\u2019y trouve aucun terme d\u00e9plac\u00e9. \u00c0 moins qu\u2019on n\u2019ait mal compris ou mal interpr\u00e9t\u00e9 ce qu\u2019il a dit.<\/p>\n<p>Par contre, trois des plus hautes autorit\u00e9s de la transition de notre pays ont tenu, en r\u00e9ponse aux propos du pr\u00e9sident bissau-guin\u00e9en, des propos qu\u2019on ne peut pas ne pas qualifier d\u2019offensants.<\/p>\n<p>Il faut rappeler d\u2019ailleurs que la loi relative \u00e0 la libert\u00e9 de la presse punit l\u2019offense envers un Chef d\u2019\u00c9tat et de Gouvernement \u00e9tranger, qu\u2019il soit sur le sol guin\u00e9en ou dans son pays. Et aucune immunit\u00e9 n\u2019est pr\u00e9vue dans ce sens.<\/p>\n<p>\u00c0 travers les sanctions prises par les dirigeants de CEDEAO contre des personnalit\u00e9s impliqu\u00e9es dans la conduite de la transition prouvent qu\u2019en d\u00e9pit de cette gaffe diplomatique G\u00e9n\u00e9ral Emballo, celui-ci n\u2019agit pas et ne s\u2019exprime pas en son nom personnel ou de mani\u00e8re solitaire.<\/p>\n<p>La strat\u00e9gie qui a consist\u00e9 \u00e0 l\u2019isoler de ses pairs n\u2019a donc pas march\u00e9. De m\u00eame que celle qui visait \u00e0 flatter la fibre \u2018\u2019panafricaniste\u2019\u2019 de certains soutiens a fait long feu.<\/p>\n<p>Mohamed TRAORE<\/p>\n","protected":false},"excerpt":{"rendered":"<p>Le Pr\u00e9sident de la Conf\u00e9rence des Chefs d\u2019\u00c9tat de la CEDEAO a commis une v\u00e9ritable bourde diplomatique en annon\u00e7ant des sanctions contre la Guin\u00e9e avant la tenue du sommet pr\u00e9vu sur le cas guin\u00e9en. Dans tous les cas, c\u2019est un habitu\u00e9 des impairs diplomatiques. Mais il n\u2019a injuri\u00e9 ou offens\u00e9 ni la Guin\u00e9e ni aucun [&hellip;]<\/p>\n","protected":false},"author":2,"featured_media":15686,"comment_status":"closed","ping_status":"closed","sticky":false,"template":"","format":"standard","meta":{"footnotes":""},"categories":[57],"tags":[],"class_list":{"0":"post-15685","1":"post","2":"type-post","3":"status-publish","4":"format-standard","5":"has-post-thumbnail","7":"category-politique"},"_links":{"self":[{"href":"https:\/\/conakrynews.org\/index.php\/wp-json\/wp\/v2\/posts\/15685","targetHints":{"allow":["GET"]}}],"collection":[{"href":"https:\/\/conakrynews.org\/index.php\/wp-json\/wp\/v2\/posts"}],"about":[{"href":"https:\/\/conakrynews.org\/index.php\/wp-json\/wp\/v2\/types\/post"}],"author":[{"embeddable":true,"href":"https:\/\/conakrynews.org\/index.php\/wp-json\/wp\/v2\/users\/2"}],"replies":[{"embeddable":true,"href":"https:\/\/conakrynews.org\/index.php\/wp-json\/wp\/v2\/comments?post=15685"}],"version-history":[{"count":0,"href":"https:\/\/conakrynews.org\/index.php\/wp-json\/wp\/v2\/posts\/15685\/revisions"}],"wp:featuredmedia":[{"embeddable":true,"href":"https:\/\/conakrynews.org\/index.php\/wp-json\/wp\/v2\/media\/15686"}],"wp:attachment":[{"href":"https:\/\/conakrynews.org\/index.php\/wp-json\/wp\/v2\/media?parent=15685"}],"wp:term":[{"taxonomy":"category","embeddable":true,"href":"https:\/\/conakrynews.org\/index.php\/wp-json\/wp\/v2\/categories?post=15685"},{"taxonomy":"post_tag","embeddable":true,"href":"https:\/\/conakrynews.org\/index.php\/wp-json\/wp\/v2\/tags?post=15685"}],"curies":[{"name":"wp","href":"https:\/\/api.w.org\/{rel}","templated":true}]}}