{"id":15701,"date":"2022-09-24T09:34:33","date_gmt":"2022-09-24T09:34:33","guid":{"rendered":"https:\/\/conakrynews.org\/?p=15701"},"modified":"2022-09-24T09:34:33","modified_gmt":"2022-09-24T09:34:33","slug":"ousmane-gaoual-diallo-la-transition-guineenne-ne-se-discutera-pas-sur-des-parametres-periodiques","status":"publish","type":"post","link":"https:\/\/conakrynews.org\/index.php\/ousmane-gaoual-diallo-la-transition-guineenne-ne-se-discutera-pas-sur-des-parametres-periodiques\/","title":{"rendered":"Ousmane Gaoual Diallo: \u00abLa transition guin\u00e9enne ne se discutera pas sur des param\u00e8tres p\u00e9riodiques\u00bb"},"content":{"rendered":"\n<p>Les deux porte-paroles, le colonel Camara pour la pr\u00e9sidence et Ousmane Gaoual Diallo, tr\u00e8s attendus par la presse guin\u00e9enne pour revenir sur la premi\u00e8re ann\u00e9e de gestion des militaires du CNRD, le 6 septembre 2022 \u00e0 Conakry (Guin\u00e9e).<br \/>\nLes deux porte-paroles, le colonel Camara pour la pr\u00e9sidence et Ousmane Gaoual Diallo, tr\u00e8s attendus par la presse guin\u00e9enne pour revenir sur la premi\u00e8re ann\u00e9e de gestion des militaires du CNRD, le 6 septembre 2022 \u00e0 Conakry (Guin\u00e9e). \u00a9 Guillaume Thibault \/ RFI<\/p>\n<p>Le sommet de la C\u00e9d\u00e9ao qui a eu lieu jeudi soir en marge de l\u2019Assembl\u00e9e g\u00e9n\u00e9rale de l\u2019ONU a d\u00e9cid\u00e9 le principe de sanctions progressives sur des individus guin\u00e9ens et contre la junte. Ces mesures font suite aux d\u00e9saccords entre Conakry et l\u2019organisation sous-r\u00e9gionale sur la dur\u00e9e de la transition. Comment les autorit\u00e9s de transition accueillent-elles cette annonce ? Le porte-parole du gouvernement de transition guin\u00e9en, Ousmane Gaoual Diallo est notre invit\u00e9.<\/p>\n<p>RFI : La C\u00e9d\u00e9ao a d\u00e9cid\u00e9 ce jeudi d&rsquo;\u00e9tablir une liste de personnes \u00e0 sanctionner en Guin\u00e9e et d&rsquo;appliquer ces sanctions de mani\u00e8re graduelle. Comment r\u00e9agissez-vous \u00e0 cette annonce ?<\/p>\n<p>Ousmane Gaoual Diallo : Disons, avec beaucoup de s\u00e9r\u00e9nit\u00e9. Je pense que c&rsquo;est une annonce qui \u00e9tait d\u00e9j\u00e0 annonc\u00e9e par le pr\u00e9sident bissau-guin\u00e9en [Umaro Sissoco Embalo ndlr] qui assure la pr\u00e9sidence de la C\u00e9d\u00e9ao en ce moment. Mais elle n&rsquo;est pas de nature \u00e0 faciliter une sortie de crise de la Guin\u00e9e. La Guin\u00e9e a besoin moins de sanctions que d&rsquo;accompagnements. Et cet accompagnement doit absolument prendre en compte la compr\u00e9hension du contexte et des sp\u00e9cificit\u00e9s de la crise guin\u00e9enne.<\/p>\n<p>Qu&rsquo;attendez-vous de la C\u00e9d\u00e9ao ?<\/p>\n<p>Nous attendons de la C\u00e9d\u00e9ao qu&rsquo;elle n&rsquo;applique pas un \u00ab traitement parac\u00e9tamol \u00bb \u00e0 l&rsquo;ensemble des crises qui secouent la sous-r\u00e9gion, parce que chaque pays a ses sp\u00e9cificit\u00e9s et ces probl\u00e8mes. Et en Guin\u00e9e, la probl\u00e9matique qui est pos\u00e9e tourne autour des \u00e9lections. Et donc, c&rsquo;est un probl\u00e8me qui est vieux et depuis 30 ans, il y a quelque chose qui structure cela. C&rsquo;est l&rsquo;absence de confiance ou de qualit\u00e9 d&rsquo;un fichier \u00e9lectoral.<\/p>\n<p>Mais est-ce que des discussions avec la C\u00e9d\u00e9ao sur la revendication des \u00c9tats d&rsquo;Afrique de l&rsquo;Ouest, c&rsquo;est-\u00e0-dire une transition raccourcie \u00e0 24 mois, peut-\u00eatre ?<\/p>\n<p>Nous l\u2019avons dit au m\u00e9diateur de la C\u00e9d\u00e9ao, le pr\u00e9sident [Thomas] Boni Yayi ainsi qu\u2019au pr\u00e9sident en exercice quand il est arriv\u00e9. La transition guin\u00e9enne ne se discutera pas sur des param\u00e8tres p\u00e9riodiques simplement. Elle doit se discuter sur le contenu. Que voulons-nous faire entre maintenant et la fin de la transition ? \u00c9tablir des listes \u00e9lectorales, faire un \u00ab toilettage \u00bb constitutionnel et institutionnel, puis s\u00e9quencer les \u00e9lections. C\u2019est cela que nous voulons et combien de temps cela nous prendra, c\u2019est \u00e0 cela que nous devons nous atteler dans un exercice de transparence et d\u2019objectivit\u00e9.<\/p>\n<p>Mais est-ce que la discussion est toujours possible avec la C\u00e9d\u00e9ao sur la dur\u00e9e de la transition ?<\/p>\n<p>Elle est toujours possible. \u00c0 partir du moment o\u00f9 ils peuvent nous apporter des \u00e9l\u00e9ments objectifs sur le contenu, on peut tout discuter. Nous l\u2019avons dit clairement : en combien de temps la C\u00e9d\u00e9ao estime que la Guin\u00e9e peut se doter d\u2019un fichier \u00e9lectoral ainsi que d\u2019un fichier d\u2019\u00e9tat civil qui garantit sa qualit\u00e9 ? Et il faut l\u2019adh\u00e9sion de tous, parce qu\u2019il faut le faire de fa\u00e7on \u00e0 ce que chacun puisse avoir les moyens de contr\u00f4ler ce fichier et de s\u2019assurer que les parties qui le concerne y sont. Si la C\u00e9d\u00e9ao estime que cela est faisable en trois mois, et bien la transition prendra trois mois. Ce n&rsquo;est donc pas la dur\u00e9e qui pose probl\u00e8me, c\u2019est ce qu\u2019il faut faire.<\/p>\n<p>Ce qui ne va pas faciliter les relations entre les autorit\u00e9s de transition guin\u00e9ennes et la C\u00e9d\u00e9ao, ce sont les \u00e9changes qui ont lieu, ces derniers jours. Des mots tr\u00e8s durs ont \u00e9t\u00e9 prononc\u00e9s notamment par le porte-parole et secr\u00e9taire g\u00e9n\u00e9ral de la pr\u00e9sidence. Amara Camara a qualifi\u00e9 de \u00ab honte \u00bb et de \u00ab mensonge \u00bb les propos du pr\u00e9sident de la C\u00e9d\u00e9ao, le pr\u00e9sident bissau-guin\u00e9en. Est-ce que le canal n\u2019est pas rompu apr\u00e8s des \u00e9changes d\u2019une telle violence ?<\/p>\n<p>C\u2019est clair que lorsque le dialogue n\u2019est pas sinc\u00e8re, lorsque que l\u2019on dit une chose et que l\u2019on fait son contraire, ce n\u2019est pas de nature \u00e0 garantir la confiance qui est n\u00e9cessaire avec la C\u00e9d\u00e9ao. Et donc, le pr\u00e9sident Embalo doit comprendre aussi qu\u2019il est un porte-parole des chefs d\u2019\u00c9tat de la r\u00e9gion et que son discours doit \u00eatre teint\u00e9 de respect, de retenue et de distance. Et \u00e7a, c\u2019est quelque chose que l\u2019on ne retrouve pas concernant ces sorties m\u00e9diatiques contre la Guin\u00e9e et c\u2019est quelque chose qui exasp\u00e8re.<\/p>\n<p>Le contact ne peut pas \u00eatre rompu parce qu\u2019il n\u2019est pas li\u00e9 \u00e0 un individu. La Guin\u00e9e a une histoire dans la C\u00e9d\u00e9ao. Une organisation dont le pr\u00e9sident Embalo assure la pr\u00e9sidence pour une p\u00e9riode assez limit\u00e9e. Le contact est avec une institution : la C\u00e9d\u00e9ao. La Guin\u00e9e est repr\u00e9sent\u00e9e \u00e0 travers ses diplomates. Donc il y a \u00e9norm\u00e9ment de canaux disponibles et nous sommes dispos\u00e9s \u00e0 maintenir ces canaux-l\u00e0 et \u00e0 faire cet exercice de p\u00e9dagogie n\u00e9cessaire pour faciliter la collaboration avec cette institution sous-r\u00e9gionale.<\/p>\n<p>RFI<\/p>\n","protected":false},"excerpt":{"rendered":"<p>Les deux porte-paroles, le colonel Camara pour la pr\u00e9sidence et Ousmane Gaoual Diallo, tr\u00e8s attendus par la presse guin\u00e9enne pour revenir sur la premi\u00e8re ann\u00e9e de gestion des militaires du CNRD, le 6 septembre 2022 \u00e0 Conakry (Guin\u00e9e). Les deux porte-paroles, le colonel Camara pour la pr\u00e9sidence et Ousmane Gaoual Diallo, tr\u00e8s attendus par la [&hellip;]<\/p>\n","protected":false},"author":2,"featured_media":15702,"comment_status":"closed","ping_status":"closed","sticky":false,"template":"","format":"standard","meta":{"footnotes":""},"categories":[57],"tags":[],"class_list":{"0":"post-15701","1":"post","2":"type-post","3":"status-publish","4":"format-standard","5":"has-post-thumbnail","7":"category-politique"},"_links":{"self":[{"href":"https:\/\/conakrynews.org\/index.php\/wp-json\/wp\/v2\/posts\/15701","targetHints":{"allow":["GET"]}}],"collection":[{"href":"https:\/\/conakrynews.org\/index.php\/wp-json\/wp\/v2\/posts"}],"about":[{"href":"https:\/\/conakrynews.org\/index.php\/wp-json\/wp\/v2\/types\/post"}],"author":[{"embeddable":true,"href":"https:\/\/conakrynews.org\/index.php\/wp-json\/wp\/v2\/users\/2"}],"replies":[{"embeddable":true,"href":"https:\/\/conakrynews.org\/index.php\/wp-json\/wp\/v2\/comments?post=15701"}],"version-history":[{"count":0,"href":"https:\/\/conakrynews.org\/index.php\/wp-json\/wp\/v2\/posts\/15701\/revisions"}],"wp:featuredmedia":[{"embeddable":true,"href":"https:\/\/conakrynews.org\/index.php\/wp-json\/wp\/v2\/media\/15702"}],"wp:attachment":[{"href":"https:\/\/conakrynews.org\/index.php\/wp-json\/wp\/v2\/media?parent=15701"}],"wp:term":[{"taxonomy":"category","embeddable":true,"href":"https:\/\/conakrynews.org\/index.php\/wp-json\/wp\/v2\/categories?post=15701"},{"taxonomy":"post_tag","embeddable":true,"href":"https:\/\/conakrynews.org\/index.php\/wp-json\/wp\/v2\/tags?post=15701"}],"curies":[{"name":"wp","href":"https:\/\/api.w.org\/{rel}","templated":true}]}}