{"id":15722,"date":"2022-09-24T19:27:13","date_gmt":"2022-09-24T19:27:13","guid":{"rendered":"https:\/\/conakrynews.org\/?p=15722"},"modified":"2022-09-24T19:27:13","modified_gmt":"2022-09-24T19:27:13","slug":"sommet-extraordinaire-de-la-cedeao-tres-remonte-embalo-voulait-des-sanctions-lourdes-contre-la-junte-guineenne-mais","status":"publish","type":"post","link":"https:\/\/conakrynews.org\/index.php\/sommet-extraordinaire-de-la-cedeao-tres-remonte-embalo-voulait-des-sanctions-lourdes-contre-la-junte-guineenne-mais\/","title":{"rendered":"Sommet extraordinaire de la CEDEAO: Tr\u00e8s remont\u00e9, Embalo voulait des sanctions lourdes contre la junte guin\u00e9enne, mais\u2026"},"content":{"rendered":"<p>La Guin\u00e9e sanctionn\u00e9e, mais progressivement, et une d\u00e9l\u00e9gation de chefs d\u2019\u00c9tat de la sous-r\u00e9gion envoy\u00e9e au Mali.  Le sommet extraordinaire de la C\u00e9d\u00e9ao qui s\u2019est tenu jeudi soir \u00e0 New York, en marge de l\u2019Assembl\u00e9e g\u00e9n\u00e9rale de l\u2019ONU, a d\u00e9bouch\u00e9 sur des d\u00e9cisions fermes, mais laissant une certaine marge de man\u0153uvre. Car si la discussion de trois heures entre les chefs d\u2019\u00c9tat a \u00e9t\u00e9 \u00ab franche \u00bb, selon le pr\u00e9sident de la Commission de la C\u00e9d\u00e9ao, elle a aussi \u00e9t\u00e9 l\u2019occasion de trouver un compromis entre des points de vue diff\u00e9rents.<\/p>\n<p>Tr\u00e8s remont\u00e9, le pr\u00e9sident bissau-guin\u00e9en Umaro Sissoco Embalo voulait des sanctions contre la junte guin\u00e9enne. De \u00ab lourdes sanctions \u00bb, avait-il m\u00eame pr\u00e9venu. Le pr\u00e9sident ivoirien Alassane Ouattara quant \u00e0 lui voulait des actes envers le Mali, se sentant trahi apr\u00e8s qu\u2019il avait pourtant ardemment plaid\u00e9, en juillet, aupr\u00e8s de ses homologues, pour la lev\u00e9e des sanctions frappant alors Bamako. Tous deux avaient des soutiens de poids.<\/p>\n<p>Mais un haut diplomate de la C\u00e9d\u00e9ao explique que, s\u2019agissant de la Guin\u00e9e, il a fallu \u00ab b\u00e2tir le consensus \u00bb. Le S\u00e9n\u00e9gal, notamment, a fait part de sa r\u00e9ticence \u00e0 frapper Conakry trop fortement, raconte un participant au sommet. Malgr\u00e9 les \u00ab sanctions graduelles \u00bb, la place a donc \u00e9t\u00e9 laiss\u00e9e libre pour une marge de man\u0153uvre, y compris sur la dur\u00e9e de la transition, les 24 mois exig\u00e9s par le pr\u00e9sident Embalo ne figurant pas dans le communiqu\u00e9 final.<\/p>\n<p>Quant au Mali, l\u00e0 aussi une marge de man\u0153uvre a \u00e9t\u00e9 laiss\u00e9e, particuli\u00e8rement pour la m\u00e9diation du Togo, qui selon une bonne source a les faveurs de toutes les parties. Bien qu\u2019au sein de la d\u00e9l\u00e9gation ivoirienne, on indique que des mesures bilat\u00e9rales pourraient \u00eatre prises \u00e0 l\u2019avenir, notamment sur la fourniture en \u00e9lectricit\u00e9, si le Mali persistait \u00e0 garder ses soldats en prison.<\/p>\n<p>Avec RFI<\/p>\n","protected":false},"excerpt":{"rendered":"<p>La Guin\u00e9e sanctionn\u00e9e, mais progressivement, et une d\u00e9l\u00e9gation de chefs d\u2019\u00c9tat de la sous-r\u00e9gion envoy\u00e9e au Mali. Le sommet extraordinaire de la C\u00e9d\u00e9ao qui s\u2019est tenu jeudi soir \u00e0 New York, en marge de l\u2019Assembl\u00e9e g\u00e9n\u00e9rale de l\u2019ONU, a d\u00e9bouch\u00e9 sur des d\u00e9cisions fermes, mais laissant une certaine marge de man\u0153uvre. Car si la discussion [&hellip;]<\/p>\n","protected":false},"author":2,"featured_media":15723,"comment_status":"closed","ping_status":"closed","sticky":false,"template":"","format":"standard","meta":{"footnotes":""},"categories":[57],"tags":[],"class_list":{"0":"post-15722","1":"post","2":"type-post","3":"status-publish","4":"format-standard","5":"has-post-thumbnail","7":"category-politique"},"_links":{"self":[{"href":"https:\/\/conakrynews.org\/index.php\/wp-json\/wp\/v2\/posts\/15722","targetHints":{"allow":["GET"]}}],"collection":[{"href":"https:\/\/conakrynews.org\/index.php\/wp-json\/wp\/v2\/posts"}],"about":[{"href":"https:\/\/conakrynews.org\/index.php\/wp-json\/wp\/v2\/types\/post"}],"author":[{"embeddable":true,"href":"https:\/\/conakrynews.org\/index.php\/wp-json\/wp\/v2\/users\/2"}],"replies":[{"embeddable":true,"href":"https:\/\/conakrynews.org\/index.php\/wp-json\/wp\/v2\/comments?post=15722"}],"version-history":[{"count":0,"href":"https:\/\/conakrynews.org\/index.php\/wp-json\/wp\/v2\/posts\/15722\/revisions"}],"wp:featuredmedia":[{"embeddable":true,"href":"https:\/\/conakrynews.org\/index.php\/wp-json\/wp\/v2\/media\/15723"}],"wp:attachment":[{"href":"https:\/\/conakrynews.org\/index.php\/wp-json\/wp\/v2\/media?parent=15722"}],"wp:term":[{"taxonomy":"category","embeddable":true,"href":"https:\/\/conakrynews.org\/index.php\/wp-json\/wp\/v2\/categories?post=15722"},{"taxonomy":"post_tag","embeddable":true,"href":"https:\/\/conakrynews.org\/index.php\/wp-json\/wp\/v2\/tags?post=15722"}],"curies":[{"name":"wp","href":"https:\/\/api.w.org\/{rel}","templated":true}]}}