{"id":15725,"date":"2022-09-24T19:35:08","date_gmt":"2022-09-24T19:35:08","guid":{"rendered":"https:\/\/conakrynews.org\/?p=15725"},"modified":"2022-09-24T19:35:08","modified_gmt":"2022-09-24T19:35:08","slug":"iran-des-dizaines-de-morts-et-des-centaines-de-personnes-arretees-lors-des-manifestations","status":"publish","type":"post","link":"https:\/\/conakrynews.org\/index.php\/iran-des-dizaines-de-morts-et-des-centaines-de-personnes-arretees-lors-des-manifestations\/","title":{"rendered":"Iran: des dizaines de morts et des centaines de personnes arr\u00eat\u00e9es lors des manifestations"},"content":{"rendered":"<p>Le dernier bilan des manifestations en Iran fait \u00e9tat de 35 morts, selon les m\u00e9dias d\u2019\u00c9tat, 50 selon l\u2019ONG d\u2019opposition Iran Human Rights (IHR), bas\u00e9e \u00e0 Oslo. La col\u00e8re ne faiblit pas huit jours apr\u00e8s la mort de Mahsa Amini, une jeune femme de 22 ans arr\u00eat\u00e9e par la police des m\u0153urs pour un voile mal mis. Vendredi soir encore, des protestataires sont descendus dans les rues.<\/p>\n<p>Des vid\u00e9os publi\u00e9es sur les r\u00e9seaux sociaux nous parviennent d\u2019Iran, m\u00eame s\u2019il faut les prendre avec pr\u00e9caution car elles sont difficilement v\u00e9rifiables. On y voit toujours les m\u00eames sc\u00e8nes : des manifestations de nuit, dans les rues, avec des slogans hostiles au r\u00e9gime. Beaucoup de jeunes, des femmes d\u00e9voil\u00e9es, mais aussi des hommes. La circulation est entrav\u00e9e, des pneus ou des v\u00e9hicules sont incendi\u00e9s.<\/p>\n<p>Et puis il y a ces images de r\u00e9pression par les forces de l\u2019ordre. Comme cette vid\u00e9o largement diffus\u00e9e et v\u00e9rifi\u00e9e par l\u2019AFP, o\u00f9 l\u2019on voit un homme en uniforme pointer son arme apparemment vers des manifestants et tirer, \u00e0 Shahre Rey, dans le sud de T\u00e9h\u00e9ran. Le r\u00e9gime est d\u00e9cid\u00e9 \u00e0 mater la r\u00e9bellion, il parle d\u2019\u00e9meutiers, et de complot ourdi par l\u2019Occident. Dans le nord du pays, le chef de la police de la province de Guilan a annonc\u00e9 l\u2019arrestation de \u00ab 739 \u00e9meutiers parmi lesquels 60 femmes \u00bb, selon l\u2019agence Tasnim.<\/p>\n<p>RFI<\/p>\n","protected":false},"excerpt":{"rendered":"<p>Le dernier bilan des manifestations en Iran fait \u00e9tat de 35 morts, selon les m\u00e9dias d\u2019\u00c9tat, 50 selon l\u2019ONG d\u2019opposition Iran Human Rights (IHR), bas\u00e9e \u00e0 Oslo. La col\u00e8re ne faiblit pas huit jours apr\u00e8s la mort de Mahsa Amini, une jeune femme de 22 ans arr\u00eat\u00e9e par la police des m\u0153urs pour un voile [&hellip;]<\/p>\n","protected":false},"author":2,"featured_media":15726,"comment_status":"closed","ping_status":"closed","sticky":false,"template":"","format":"standard","meta":{"footnotes":""},"categories":[57],"tags":[],"class_list":{"0":"post-15725","1":"post","2":"type-post","3":"status-publish","4":"format-standard","5":"has-post-thumbnail","7":"category-politique"},"_links":{"self":[{"href":"https:\/\/conakrynews.org\/index.php\/wp-json\/wp\/v2\/posts\/15725","targetHints":{"allow":["GET"]}}],"collection":[{"href":"https:\/\/conakrynews.org\/index.php\/wp-json\/wp\/v2\/posts"}],"about":[{"href":"https:\/\/conakrynews.org\/index.php\/wp-json\/wp\/v2\/types\/post"}],"author":[{"embeddable":true,"href":"https:\/\/conakrynews.org\/index.php\/wp-json\/wp\/v2\/users\/2"}],"replies":[{"embeddable":true,"href":"https:\/\/conakrynews.org\/index.php\/wp-json\/wp\/v2\/comments?post=15725"}],"version-history":[{"count":0,"href":"https:\/\/conakrynews.org\/index.php\/wp-json\/wp\/v2\/posts\/15725\/revisions"}],"wp:featuredmedia":[{"embeddable":true,"href":"https:\/\/conakrynews.org\/index.php\/wp-json\/wp\/v2\/media\/15726"}],"wp:attachment":[{"href":"https:\/\/conakrynews.org\/index.php\/wp-json\/wp\/v2\/media?parent=15725"}],"wp:term":[{"taxonomy":"category","embeddable":true,"href":"https:\/\/conakrynews.org\/index.php\/wp-json\/wp\/v2\/categories?post=15725"},{"taxonomy":"post_tag","embeddable":true,"href":"https:\/\/conakrynews.org\/index.php\/wp-json\/wp\/v2\/tags?post=15725"}],"curies":[{"name":"wp","href":"https:\/\/api.w.org\/{rel}","templated":true}]}}