{"id":15729,"date":"2022-09-25T12:08:42","date_gmt":"2022-09-25T12:08:42","guid":{"rendered":"https:\/\/conakrynews.org\/?p=15729"},"modified":"2022-09-25T12:08:42","modified_gmt":"2022-09-25T12:08:42","slug":"assemblee-generale-des-nu-la-guinee-invite-la-cedeao-a-faire-du-dialogue-inclusif-un-principe-conducteur","status":"publish","type":"post","link":"https:\/\/conakrynews.org\/index.php\/assemblee-generale-des-nu-la-guinee-invite-la-cedeao-a-faire-du-dialogue-inclusif-un-principe-conducteur\/","title":{"rendered":"Assembl\u00e9e g\u00e9n\u00e9rale des NU: la Guin\u00e9e invite la CEDEAO \u00e0 faire du dialogue inclusif un principe conducteur"},"content":{"rendered":"<p>Le Premier ministre guin\u00e9en, Dr Bernard Goumou a invit\u00e9 la CEDEAO lors de son passage \u00e0 la tribune de la 77 \u00e8me session ordinaire de  l\u2019Assembl\u00e9e g\u00e9n\u00e9rale des Nations unies \u00e0 New York, \u00e0 faire du dialogue inclusif un principe conducteur.<\/p>\n<p>Dans sa communication, Dr Bernard Goumou a fait savoir aux leaders mondiaux ceci:  \u00bb la R\u00e9publique de Guin\u00e9e a adopt\u00e9 dans la m\u00eame perspective que notre organisation universelle, comme principes conducteurs de cette transition le dialogue inclusif y compris avec la CEDEAO, le renforcement de l\u2019\u00e9tat de droit, la promotion des droits humains et la reddition des comptes pour recoudre un tissu national fragilis\u00e9. \u00bb<\/p>\n<p>Plus loin, Dr Bernard Goumou a r\u00e9it\u00e9r\u00e9 la position africaine de r\u00e9forme du conseil de s\u00e9curit\u00e9.<\/p>\n<p>\u00abNous sommes convaincus que notre organisation demeure indispensable \u00e0 notre monde. Toutefois, elle m\u00e9rite d\u2019\u00eatre r\u00e9form\u00e9e, afin d\u2019\u00eatre plus juste, plus inclusive et apte \u00e0 r\u00e9pondre aux l\u00e9gitimes aspirations des peuples du monde. Elle doit s\u2019adapter aux r\u00e9alit\u00e9s du monde, relever les nombreux d\u00e9fis auxquels l\u2019humanit\u00e9 est confront\u00e9e et maintenir son r\u00f4le central dans la gouvernance mondiale.\u00bb<\/p>\n<p>Dans le m\u00eame sillage, il a r\u00e9it\u00e9r\u00e9 le soutien de son pays (Guin\u00e9e)  au multilat\u00e9ralisme, au multilinguisme, \u00e0 la revitalisation des organes des Nations unies, un autre atout pour une coop\u00e9ration internationale mutuellement avantageuse, inclusive et solidaire au service de l\u2019humanit\u00e9 et du d\u00e9veloppement durable tant sollicit\u00e9 et voulu par les Etats membres.<\/p>\n<p>Guineequotidien.com <\/p>\n","protected":false},"excerpt":{"rendered":"<p>Le Premier ministre guin\u00e9en, Dr Bernard Goumou a invit\u00e9 la CEDEAO lors de son passage \u00e0 la tribune de la 77 \u00e8me session ordinaire de l\u2019Assembl\u00e9e g\u00e9n\u00e9rale des Nations unies \u00e0 New York, \u00e0 faire du dialogue inclusif un principe conducteur. Dans sa communication, Dr Bernard Goumou a fait savoir aux leaders mondiaux ceci: \u00bb [&hellip;]<\/p>\n","protected":false},"author":2,"featured_media":15730,"comment_status":"closed","ping_status":"closed","sticky":false,"template":"","format":"standard","meta":{"footnotes":""},"categories":[57],"tags":[],"class_list":{"0":"post-15729","1":"post","2":"type-post","3":"status-publish","4":"format-standard","5":"has-post-thumbnail","7":"category-politique"},"_links":{"self":[{"href":"https:\/\/conakrynews.org\/index.php\/wp-json\/wp\/v2\/posts\/15729","targetHints":{"allow":["GET"]}}],"collection":[{"href":"https:\/\/conakrynews.org\/index.php\/wp-json\/wp\/v2\/posts"}],"about":[{"href":"https:\/\/conakrynews.org\/index.php\/wp-json\/wp\/v2\/types\/post"}],"author":[{"embeddable":true,"href":"https:\/\/conakrynews.org\/index.php\/wp-json\/wp\/v2\/users\/2"}],"replies":[{"embeddable":true,"href":"https:\/\/conakrynews.org\/index.php\/wp-json\/wp\/v2\/comments?post=15729"}],"version-history":[{"count":0,"href":"https:\/\/conakrynews.org\/index.php\/wp-json\/wp\/v2\/posts\/15729\/revisions"}],"wp:featuredmedia":[{"embeddable":true,"href":"https:\/\/conakrynews.org\/index.php\/wp-json\/wp\/v2\/media\/15730"}],"wp:attachment":[{"href":"https:\/\/conakrynews.org\/index.php\/wp-json\/wp\/v2\/media?parent=15729"}],"wp:term":[{"taxonomy":"category","embeddable":true,"href":"https:\/\/conakrynews.org\/index.php\/wp-json\/wp\/v2\/categories?post=15729"},{"taxonomy":"post_tag","embeddable":true,"href":"https:\/\/conakrynews.org\/index.php\/wp-json\/wp\/v2\/tags?post=15729"}],"curies":[{"name":"wp","href":"https:\/\/api.w.org\/{rel}","templated":true}]}}