{"id":15744,"date":"2022-09-26T13:23:31","date_gmt":"2022-09-26T13:23:31","guid":{"rendered":"https:\/\/conakrynews.org\/?p=15744"},"modified":"2022-09-26T13:23:31","modified_gmt":"2022-09-26T13:23:31","slug":"le-chef-de-la-diplomatie-russe-accuse-les-pays-occidentaux-de-saper-la-confiance-dans-les-institutions-internationales","status":"publish","type":"post","link":"https:\/\/conakrynews.org\/index.php\/le-chef-de-la-diplomatie-russe-accuse-les-pays-occidentaux-de-saper-la-confiance-dans-les-institutions-internationales\/","title":{"rendered":"Le Chef De La Diplomatie Russe Accuse Les Pays Occidentaux De Saper La Confiance Dans Les Institutions Internationales"},"content":{"rendered":"<p>A la tribune des Nations Unies samedi, le ministre russe des Affaires \u00e9trang\u00e8res, Sergue\u00ef Lavrov, a fait \u00e9tat de crises qui s\u2019intensifient et d\u2019une situation s\u00e9curitaire internationale qui se d\u00e9t\u00e9riore rapidement.<br \/>\nAu lieu d\u2019un dialogue honn\u00eate et de la recherche d\u2019un compromis, nous sommes confront\u00e9s \u00ab \u00e0 la d\u00e9sinformation, \u00e0 des mises en sc\u00e8ne grossi\u00e8res et \u00e0 des provocations \u00bb, a-t-il dit dans un discours lors du d\u00e9bat g\u00e9n\u00e9ral annuel de l\u2019Assembl\u00e9e g\u00e9n\u00e9rale des Nations Unies.<\/p>\n<p>\u00c0 son avis, les pays occidentaux sapent la confiance dans les institutions internationales et dans le droit international cens\u00e9s prot\u00e9ger les plus faibles contre l\u2019arbitraire, notamment au sein des Nations Unies. \u00ab Ce qui se d\u00e9cide aujourd\u2019hui est l\u2019avenir de l\u2019ordre mondial \u00bb, a observ\u00e9 M. Lavrov.<\/p>\n<p>Chantage et intimidation<br \/>\nPour lui, la question est de savoir s\u2019il s\u2019agira d\u2019un ordre avec au premier plan une puissance qui force les autres pays \u00e0 vivre selon ses fameuses r\u00e8gles qui ne profitent qu\u2019\u00e0 elle, ou bien s\u2019il s\u2019agira plut\u00f4t d\u2019un monde d\u00e9mocratique sans chantage ni intimidation des \u00ab ind\u00e9sirables \u00bb. La Russie a fermement choisi la deuxi\u00e8me option et, avec ses alli\u00e9s, travaille \u00e0 sa mise en \u0153uvre, a-t-il lanc\u00e9.<\/p>\n<p>Selon le ministre, le mod\u00e8le unipolaire de d\u00e9veloppement mondial, qui servait les int\u00e9r\u00eats de l\u2019Occident au moyen des ressources de l\u2019Asie, de l\u2019Afrique et de l\u2019Am\u00e9rique latine, appartient au pass\u00e9. Il a \u00e9t\u00e9 remplac\u00e9 par des \u00c9tats souverains qui d\u00e9fendent leurs int\u00e9r\u00eats dans le cadre d\u2019une architecture multipolaire \u00e9quitable, processus per\u00e7u par \u00ab les \u00c9tats-Unis et les \u00e9lites dirigeantes enti\u00e8rement soumises aux pays occidentaux \u00bb comme une menace \u00e0 leur domination.<\/p>\n<p>Il a fustig\u00e9 les guerres d\u2019agression des \u00ab ma\u00eetres du monde autoproclam\u00e9s \u00bb en Yougoslavie, en Iraq et en Libye, qui ont fait des milliers victimes.  \u00ab Quels sont les r\u00e9sultats de ces aventures? \u00bb a grond\u00e9 M. Lavrov. \u00ab L\u2019ordre fond\u00e9 sur des r\u00e8gles de l\u2019Occident \u00bb impose partout des lignes de d\u00e9marcation et la confrontation de blocs. \u00ab La doctrine Monroe prend une dimension mondiale \u00bb, a encore dit le ministre.<\/p>\n<p>De m\u00eame, les sanctions unilat\u00e9rales et ill\u00e9gales, adopt\u00e9es depuis des ann\u00e9es en violation de la Charte des Nations Unies et d\u00e9ploy\u00e9es comme un instrument de chantage politique, constituent un outil de contrainte de la dissidence, a-t-il d\u00e9nonc\u00e9, citant l\u2019exemple de l\u2019embargo contre Cuba.<br \/>\nWashington et Bruxelles ont exacerb\u00e9 la crise actuelle en d\u00e9clarant une guerre \u00e9conomique contre la Russie, a poursuivi M. Lavrov. Il en r\u00e9sulte une hausse des prix mondiaux des denr\u00e9es alimentaires, des engrais, du p\u00e9trole et du gaz.<\/p>\n<p>\u00ab Russophobie officielle \u00bb<br \/>\nMalgr\u00e9 l\u2019Initiative c\u00e9r\u00e9ali\u00e8re de la mer Noire, les navires transportant des c\u00e9r\u00e9ales ukrainiennes se rendent pour la plupart \u00ab loin des pays les plus pauvres \u00bb, et les obstacles financiers et logistiques cr\u00e9\u00e9s par les \u00c9tats-Unis et l\u2019Union europ\u00e9enne continuent d\u2019entraver les exportations de c\u00e9r\u00e9ales et d\u2019engrais russes, a assur\u00e9 le ministre.<\/p>\n<p>Pendant ce temps, la \u00ab russophobie officielle \u00bb a pris une ampleur grotesque et sans pr\u00e9c\u00e9dent en Occident, lequel d\u00e9clare ouvertement son intention non seulement d\u2019infliger une d\u00e9faite militaire \u00e0 la Russie, mais aussi de la d\u00e9truire.<\/p>\n<p>S\u2019agissant de l\u2019Ukraine, M. Lavrov a vant\u00e9 le r\u00f4le de son pays dans l\u2019arr\u00eat des hostilit\u00e9s d\u00e9clench\u00e9es par les \u00ab n\u00e9onazis de Kiev \u00bb dans l\u2019est de l\u2019Ukraine, et pour exiger la mise en \u0153uvre des accords de Minsk, approuv\u00e9s \u00e0 l\u2019unanimit\u00e9 par le Conseil de s\u00e9curit\u00e9 en 2015, mais \u00ab enterr\u00e9s par Kiev avec la complicit\u00e9 directe des \u00c9tats-Unis et de l\u2019Union europ\u00e9enne \u00bb.<\/p>\n<p>Face \u00e0 la guerre du \u00ab r\u00e9gime de Kiev \u00bb contre son propre peuple, nous n\u2019avons eu d\u2019autre choix que de reconna\u00eetre l\u2019ind\u00e9pendance des R\u00e9publiques populaires de Donetsk et de Louhansk et de lancer une \u00ab op\u00e9ration militaire sp\u00e9ciale \u00bb pour prot\u00e9ger les Russes du Donbass et \u00e9liminer la menace de l\u2019OTAN, a-t-il justifi\u00e9.<\/p>\n<p>M. Lavrov a d\u00e9nonc\u00e9 \u00ab l\u2019hyst\u00e9rie \u00bb de l\u2019Occident \u00e0 propos des r\u00e9f\u00e9rendums dans les r\u00e9gions occup\u00e9es de l\u2019Ukraine, et bl\u00e2m\u00e9 la position impos\u00e9e par les \u00c9tats-Unis au Secr\u00e9tariat de l\u2019ONU, au Conseil des droits de l\u2019homme, \u00e0 l\u2019UNESCO et \u00e0 l\u2019Agence internationale de l\u2019\u00e9nergie atomique (AIEA), qui a \u00e9t\u00e9 \u00ab privatis\u00e9e \u00bb.<\/p>\n<p>De m\u00eame, le chef de la diplomatie russe a fustig\u00e9 les violations par les \u00c9tats-Unis de leurs obligations en vertu de l\u2019accord de si\u00e8ge de l\u2019ONU, estimant que le Secr\u00e9taire g\u00e9n\u00e9ral a \u00e9galement des responsabilit\u00e9s \u00e0 cet \u00e9gard.<\/p>\n<p>ONU-Info <\/p>\n","protected":false},"excerpt":{"rendered":"<p>A la tribune des Nations Unies samedi, le ministre russe des Affaires \u00e9trang\u00e8res, Sergue\u00ef Lavrov, a fait \u00e9tat de crises qui s\u2019intensifient et d\u2019une situation s\u00e9curitaire internationale qui se d\u00e9t\u00e9riore rapidement. Au lieu d\u2019un dialogue honn\u00eate et de la recherche d\u2019un compromis, nous sommes confront\u00e9s \u00ab \u00e0 la d\u00e9sinformation, \u00e0 des mises en sc\u00e8ne grossi\u00e8res [&hellip;]<\/p>\n","protected":false},"author":2,"featured_media":15745,"comment_status":"closed","ping_status":"closed","sticky":false,"template":"","format":"standard","meta":{"footnotes":""},"categories":[57],"tags":[],"class_list":{"0":"post-15744","1":"post","2":"type-post","3":"status-publish","4":"format-standard","5":"has-post-thumbnail","7":"category-politique"},"_links":{"self":[{"href":"https:\/\/conakrynews.org\/index.php\/wp-json\/wp\/v2\/posts\/15744","targetHints":{"allow":["GET"]}}],"collection":[{"href":"https:\/\/conakrynews.org\/index.php\/wp-json\/wp\/v2\/posts"}],"about":[{"href":"https:\/\/conakrynews.org\/index.php\/wp-json\/wp\/v2\/types\/post"}],"author":[{"embeddable":true,"href":"https:\/\/conakrynews.org\/index.php\/wp-json\/wp\/v2\/users\/2"}],"replies":[{"embeddable":true,"href":"https:\/\/conakrynews.org\/index.php\/wp-json\/wp\/v2\/comments?post=15744"}],"version-history":[{"count":0,"href":"https:\/\/conakrynews.org\/index.php\/wp-json\/wp\/v2\/posts\/15744\/revisions"}],"wp:featuredmedia":[{"embeddable":true,"href":"https:\/\/conakrynews.org\/index.php\/wp-json\/wp\/v2\/media\/15745"}],"wp:attachment":[{"href":"https:\/\/conakrynews.org\/index.php\/wp-json\/wp\/v2\/media?parent=15744"}],"wp:term":[{"taxonomy":"category","embeddable":true,"href":"https:\/\/conakrynews.org\/index.php\/wp-json\/wp\/v2\/categories?post=15744"},{"taxonomy":"post_tag","embeddable":true,"href":"https:\/\/conakrynews.org\/index.php\/wp-json\/wp\/v2\/tags?post=15744"}],"curies":[{"name":"wp","href":"https:\/\/api.w.org\/{rel}","templated":true}]}}