{"id":1575,"date":"2017-09-30T15:55:12","date_gmt":"2017-09-30T13:55:12","guid":{"rendered":"https:\/\/conakrynews.org\/?p=1575"},"modified":"2017-09-30T15:55:12","modified_gmt":"2017-09-30T13:55:12","slug":"forum-ivoiro-guineen-de-cgeci-academie-2017-president-el-hadj-mohamed-habib-hann-salue-felicite-linitiative","status":"publish","type":"post","link":"https:\/\/conakrynews.org\/index.php\/forum-ivoiro-guineen-de-cgeci-academie-2017-president-el-hadj-mohamed-habib-hann-salue-felicite-linitiative\/","title":{"rendered":"Forum Ivoiro-Guin\u00e9en de la CGECI Acad\u00e9mie 2017 : Le pr\u00e9sident El Hadj Mohamed Habib Hann salue et f\u00e9licite l\u2019initiative"},"content":{"rendered":"<p><strong>A l\u2019occasion de la rencontre annuelle du secteur Priv\u00e9 Guin\u00e9en \u00e0 Abidjan organis\u00e9e le 29 et 30 Septembre 2017\u00a0,le \u00a0\u00a0 Pr\u00e9sident du Conseil National du Patronat Guin\u00e9en (CNP-Guin\u00e9e),El Hadj Mohamed Habib Hann a salu\u00e9 et f\u00e9licit\u00e9 \u00a0\u00a0cette belle initiative de la Conf\u00e9d\u00e9ration G\u00e9n\u00e9rale des Entreprises de C\u00f4te Ivoire(CGECI) \u00e0 travers un Communiqu\u00e9 du Bureau Ex\u00e9cutif de son institution. Lisez la Copie dudit Communiqu\u00e9\u00a0! \u00a0\u00a0\u00a0<\/strong><img loading=\"lazy\" decoding=\"async\" class=\"alignnone size-medium wp-image-1576\" src=\"https:\/\/conakrynews.org\/wp-content\/uploads\/2017\/09\/habib_hann_photo-kalil-515x258.jpg\" alt=\"\" width=\"515\" height=\"258\" srcset=\"https:\/\/conakrynews.org\/wp-content\/uploads\/2017\/09\/habib_hann_photo-kalil-515x258.jpg 515w, https:\/\/conakrynews.org\/wp-content\/uploads\/2017\/09\/habib_hann_photo-kalil-768x384.jpg 768w, https:\/\/conakrynews.org\/wp-content\/uploads\/2017\/09\/habib_hann_photo-kalil.jpg 900w\" sizes=\"auto, (max-width: 515px) 100vw, 515px\" \/><img loading=\"lazy\" decoding=\"async\" class=\"alignnone size-medium wp-image-1577\" src=\"https:\/\/conakrynews.org\/wp-content\/uploads\/2017\/09\/Kalil-Communiqu\u00e9-\u00e0-publier-273x375.jpg\" alt=\"\" width=\"273\" height=\"375\" srcset=\"https:\/\/conakrynews.org\/wp-content\/uploads\/2017\/09\/Kalil-Communiqu\u00e9-\u00e0-publier-273x375.jpg 273w, https:\/\/conakrynews.org\/wp-content\/uploads\/2017\/09\/Kalil-Communiqu\u00e9-\u00e0-publier-768x1056.jpg 768w, https:\/\/conakrynews.org\/wp-content\/uploads\/2017\/09\/Kalil-Communiqu\u00e9-\u00e0-publier.jpg 1080w\" sizes=\"auto, (max-width: 273px) 100vw, 273px\" \/><\/p>\n","protected":false},"excerpt":{"rendered":"<p>A l\u2019occasion de la rencontre annuelle du secteur Priv\u00e9 Guin\u00e9en \u00e0 Abidjan organis\u00e9e le 29 et 30 Septembre 2017\u00a0,le \u00a0\u00a0 Pr\u00e9sident du Conseil National du Patronat Guin\u00e9en (CNP-Guin\u00e9e),El Hadj Mohamed Habib Hann a salu\u00e9 et f\u00e9licit\u00e9 \u00a0\u00a0cette belle initiative de la Conf\u00e9d\u00e9ration G\u00e9n\u00e9rale des Entreprises de C\u00f4te Ivoire(CGECI) \u00e0 travers un Communiqu\u00e9 du Bureau Ex\u00e9cutif [&hellip;]<\/p>\n","protected":false},"author":2,"featured_media":1576,"comment_status":"open","ping_status":"open","sticky":false,"template":"","format":"standard","meta":{"footnotes":""},"categories":[58],"tags":[],"class_list":{"0":"post-1575","1":"post","2":"type-post","3":"status-publish","4":"format-standard","5":"has-post-thumbnail","7":"category-societe"},"_links":{"self":[{"href":"https:\/\/conakrynews.org\/index.php\/wp-json\/wp\/v2\/posts\/1575","targetHints":{"allow":["GET"]}}],"collection":[{"href":"https:\/\/conakrynews.org\/index.php\/wp-json\/wp\/v2\/posts"}],"about":[{"href":"https:\/\/conakrynews.org\/index.php\/wp-json\/wp\/v2\/types\/post"}],"author":[{"embeddable":true,"href":"https:\/\/conakrynews.org\/index.php\/wp-json\/wp\/v2\/users\/2"}],"replies":[{"embeddable":true,"href":"https:\/\/conakrynews.org\/index.php\/wp-json\/wp\/v2\/comments?post=1575"}],"version-history":[{"count":0,"href":"https:\/\/conakrynews.org\/index.php\/wp-json\/wp\/v2\/posts\/1575\/revisions"}],"wp:featuredmedia":[{"embeddable":true,"href":"https:\/\/conakrynews.org\/index.php\/wp-json\/wp\/v2\/media\/1576"}],"wp:attachment":[{"href":"https:\/\/conakrynews.org\/index.php\/wp-json\/wp\/v2\/media?parent=1575"}],"wp:term":[{"taxonomy":"category","embeddable":true,"href":"https:\/\/conakrynews.org\/index.php\/wp-json\/wp\/v2\/categories?post=1575"},{"taxonomy":"post_tag","embeddable":true,"href":"https:\/\/conakrynews.org\/index.php\/wp-json\/wp\/v2\/tags?post=1575"}],"curies":[{"name":"wp","href":"https:\/\/api.w.org\/{rel}","templated":true}]}}