{"id":1579,"date":"2017-10-02T15:41:12","date_gmt":"2017-10-02T13:41:12","guid":{"rendered":"https:\/\/conakrynews.org\/?p=1579"},"modified":"2017-10-03T00:25:15","modified_gmt":"2017-10-02T22:25:15","slug":"celebration-de-fete-02-octobre-guinee-gouvernement-organise-ceremonie-a-place-martyrs","status":"publish","type":"post","link":"https:\/\/conakrynews.org\/index.php\/celebration-de-fete-02-octobre-guinee-gouvernement-organise-ceremonie-a-place-martyrs\/","title":{"rendered":"C\u00e9l\u00e9bration de la F\u00eate du 02 Octobre En Guin\u00e9e : Le Gouvernement organise une c\u00e9r\u00e9monie \u00e0 la place des Martyrs"},"content":{"rendered":"<p><strong>A l\u2019occasion du 59\u00e8ne Anniversaire de l\u2019ind\u00e9pendance Nationale, une grande c\u00e9r\u00e9monie a \u00e9t\u00e9 organis\u00e9e \u00e0 la place des Martyrs ce Lundi 02 Octobre 2017 \u00e0 Conakry pour saluer la m\u00e9moire de tous nos Martyrs\u00a0 qui se sont sacrifi\u00e9s pour la libert\u00e9 et la souverainet\u00e9 de notre pays\u00a0. Cette importante c\u00e9r\u00e9monie s\u2019est d\u00e9roul\u00e9e sous la pr\u00e9sidence du Chef de l\u2019Etat, Prof Alpha Cond\u00e9, Pr\u00e9sident en exercice de l\u2019Union Africaine. Plusieurs personnalit\u00e9s ont honor\u00e9es \u00a0leur pr\u00e9sence \u00e0 cette c\u00e9r\u00e9monie consacr\u00e9e pour le d\u00e9p\u00f4t\u00a0de la Gerbe fleur par le Pr\u00e9sident de la R\u00e9publique \u00e0 cet endroit historique, notamment les membres du Gouvernement Guin\u00e9en, les dipl\u00f4m\u00e2tes \u00a0des Ambassades et Consulats accr\u00e9dit\u00e9s en Guin\u00e9e, les Repr\u00e9sentants des Instituions R\u00e9publicaines, les repr\u00e9sentants des institutions internationales etc\u2026. <\/strong><\/p>\n<p><strong>\u00a0<\/strong><\/p>\n<p>Pr\u00e9sent \u00e0 cette c\u00e9r\u00e9monie, le Ministre d\u2019\u00c9tat, Conseiller Sp\u00e9cial du Pr\u00e9sident de la \u00a0r\u00e9publique, Tibou Kamara a d\u00e9clar\u00e9\u00a0 au micro des journalistes \u00a0que le jour de l\u2019ind\u00e9pendance nationale est un \u00a0jour de fiert\u00e9\u00a0 pour l\u2019ensemble des Guin\u00e9ens parce que \u00a0Chacun se souvient dans quelle condition cette ind\u00e9pendance a \u00e9t\u00e9 acquise.\u00ab\u00a0C\u2019est dans le courage et dans \u00a0la d\u00e9termination. Donc nous devons profiter d\u2019avantage pour \u00a0b\u00e2tir une nouvelle nation. Et, c\u2019est forcement une tr\u00e8s grande fiert\u00e9 pour la plus part des gens \u00a0qui n\u2019ont pas connu cette \u00e9poque comme nous de se souvenir de cet instant magnifique de notre histoire\u00a0\u00bb, a-t-il d\u00e9clar\u00e9. Avant de pr\u00e9ciser \u00a0\u00a0que cette ind\u00e9pendance est la preuve \u00e9loquente de la dignit\u00e9, la solidarit\u00e9 et la communion des c\u0153urs et des esprits qu\u2019il est possible \u00a0\u00e0 la faveur de la d\u00e9mocratie \u00a0que nous sommes dans une soci\u00e9t\u00e9 \u00a0pluraliste \u00a0avec \u00a0une diversit\u00e9 d\u2019opinion et d\u2019id\u00e9e. \u00ab\u00a0Donc, c\u2019est une histoire d\u2019avenir et de destin\u00a0\u00bb, t-il pr\u00e9cis\u00e9 le Ministre d\u2019\u00c9tat.<\/p>\n<p>&nbsp;<\/p>\n<p>&nbsp;<\/p>\n<p>Quand \u00e0 lui, le Ministre des libert\u00e9s publiques et de \u00a0\u00a0la \u00a0Citoyennet\u00e9,Kalifa Gassama Diaby a affirm\u00e9\u00a0:\u00a0\u00abNous devons tir\u00e9s des le\u00e7ons de nos combattants de la libert\u00e9 de l\u2019ind\u00e9pendance de la Guin\u00e9e. C\u2019est la puissance \u00a0de la \u00a0libert\u00e9, cette libert\u00e9 qui \u00e9tait valable hier doit \u00eatre aujourd\u2019hui. Cette justice qui \u00e9tait valable hier doit \u00eatre aujourd\u2019hui. Donc ce que nous avons fait \u00a0pour \u00a0avoir l\u2019ind\u00e9pendance hier, il nous faut\u00a0 \u00a0\u00a0maintenant travailler \u00a0pour pouvoir garder cette\u00a0 \u00a0fiert\u00e9. C\u2019est ce que\u00a0 chaque guin\u00e9en doit faire aujourd\u2019hui \u00a0pour le respect strict de ces m\u00eames valeurs qu\u2019on a connu \u00e0 l\u2019ind\u00e9pendance\u00a0\u00bb, a-t-il affirm\u00e9 le ministre Gassama.<\/p>\n<p>&nbsp;<\/p>\n<p>A la faveur de la c\u00e9l\u00e9bration de cette date<img loading=\"lazy\" decoding=\"async\" class=\"alignnone size-full wp-image-1580\" src=\"https:\/\/conakrynews.org\/wp-content\/uploads\/2017\/10\/Tibou.jpg\" alt=\"\" width=\"350\" height=\"200\" \/>, le Pr\u00e9sident de la R\u00e9publique et Pr\u00e9sident en exercice de l\u2019UA, Prof Alpha \u00a0a d\u00e9clar\u00e9 dans son discours adress\u00e9 \u00e0 la nation\u00a0 Guin\u00e9enne ces propos qui suivent:\u00ab Valoriser les p\u00f4les de d\u00e9veloppement est un autre d\u00e9fi car cela prend en compte l\u2019agriculture, l\u2019agro-industrie, les travaux publics, l\u2019artisanat, le tourisme, la culture et le commerce, etc.<\/p>\n<p>&nbsp;<\/p>\n<p>Bien \u00e9videmment, mon Gouvernement s\u2019est attel\u00e9 \u00e0 assainir l\u2019environnement des affaires en vue de cr\u00e9er un climat propice au d\u00e9veloppement du secteur priv\u00e9, \u00e0 la promotion du partenariat public-priv\u00e9\u00a0\u00bb, a-t-il d\u00e9clar\u00e9 dans son discours le Chef de l\u2019\u00c9tat.<\/p>\n<p>&nbsp;<\/p>\n<p>\u00ab\u00a0 Je voudrais, avant de terminer, t\u00e9moigner ma reconnaissance au peuple guin\u00e9en pour son soutien quotidien dans le cadre de mes charges au niveau de l\u2019Union Africaine en qualit\u00e9 de Pr\u00e9sident de cette Institution. Ces charges prouvent \u00e0 suffisance que la Guin\u00e9e est de retour sur la sc\u00e8ne internationale\u00a0\u00bb, a fait savoir le Pr\u00e9sident.<\/p>\n<p>Pour cl\u00f4turer son discours, le pr\u00e9sident Alpha Cond\u00e9 a dit\u00a0:\u00a0\u00ab\u00a0a l\u2019occasion de notre f\u00eate nationale, j\u2019ai d\u00e9cid\u00e9 de gracier ceux des d\u00e9tenus de nos prisons qui en remplissent les conditions. Je voudrais ici les inviter \u00e0 renoncer \u00e0 l\u2019avenir aux comportements qui les mettent en conflit avec la loi\u00a0\u00bb, a lanc\u00e9 Alpha Cond\u00e9 aux d\u00e9tenus.<\/p>\n<p><strong>Sylla Ibrahima Kalil 664594788<\/strong><\/p>\n<p>&nbsp;<\/p>\n<p>&nbsp;<\/p>\n","protected":false},"excerpt":{"rendered":"<p>A l\u2019occasion du 59\u00e8ne Anniversaire de l\u2019ind\u00e9pendance Nationale, une grande c\u00e9r\u00e9monie a \u00e9t\u00e9 organis\u00e9e \u00e0 la place des Martyrs ce Lundi 02 Octobre 2017 \u00e0 Conakry pour saluer la m\u00e9moire de tous nos Martyrs\u00a0 qui se sont sacrifi\u00e9s pour la libert\u00e9 et la souverainet\u00e9 de notre pays\u00a0. Cette importante c\u00e9r\u00e9monie s\u2019est d\u00e9roul\u00e9e sous la pr\u00e9sidence [&hellip;]<\/p>\n","protected":false},"author":2,"featured_media":1580,"comment_status":"open","ping_status":"open","sticky":false,"template":"","format":"standard","meta":{"footnotes":""},"categories":[57,58],"tags":[],"class_list":{"0":"post-1579","1":"post","2":"type-post","3":"status-publish","4":"format-standard","5":"has-post-thumbnail","7":"category-politique","8":"category-societe"},"_links":{"self":[{"href":"https:\/\/conakrynews.org\/index.php\/wp-json\/wp\/v2\/posts\/1579","targetHints":{"allow":["GET"]}}],"collection":[{"href":"https:\/\/conakrynews.org\/index.php\/wp-json\/wp\/v2\/posts"}],"about":[{"href":"https:\/\/conakrynews.org\/index.php\/wp-json\/wp\/v2\/types\/post"}],"author":[{"embeddable":true,"href":"https:\/\/conakrynews.org\/index.php\/wp-json\/wp\/v2\/users\/2"}],"replies":[{"embeddable":true,"href":"https:\/\/conakrynews.org\/index.php\/wp-json\/wp\/v2\/comments?post=1579"}],"version-history":[{"count":0,"href":"https:\/\/conakrynews.org\/index.php\/wp-json\/wp\/v2\/posts\/1579\/revisions"}],"wp:featuredmedia":[{"embeddable":true,"href":"https:\/\/conakrynews.org\/index.php\/wp-json\/wp\/v2\/media\/1580"}],"wp:attachment":[{"href":"https:\/\/conakrynews.org\/index.php\/wp-json\/wp\/v2\/media?parent=1579"}],"wp:term":[{"taxonomy":"category","embeddable":true,"href":"https:\/\/conakrynews.org\/index.php\/wp-json\/wp\/v2\/categories?post=1579"},{"taxonomy":"post_tag","embeddable":true,"href":"https:\/\/conakrynews.org\/index.php\/wp-json\/wp\/v2\/tags?post=1579"}],"curies":[{"name":"wp","href":"https:\/\/api.w.org\/{rel}","templated":true}]}}