{"id":15799,"date":"2022-09-28T14:15:37","date_gmt":"2022-09-28T14:15:37","guid":{"rendered":"https:\/\/conakrynews.org\/?p=15799"},"modified":"2022-09-28T14:19:44","modified_gmt":"2022-09-28T14:19:44","slug":"conakry-lancement-du-forum-national-pour-lunite-nationale","status":"publish","type":"post","link":"https:\/\/conakrynews.org\/index.php\/conakry-lancement-du-forum-national-pour-lunite-nationale\/","title":{"rendered":"Conakry : Lancement du  Forum National pour l&rsquo;unit\u00e9 nationale"},"content":{"rendered":"<p>Ce mercredi,28 Septembre  2022, les responsables  de la Synergie  d&rsquo;actions  des forces  Sociales de Guin\u00e9e ont organis\u00e9 le forum national  pour  l&rsquo;unit\u00e9 nationale.<\/p>\n<p>L&rsquo;objectif  de ce forum , c&rsquo; est  de mettre  fin \u00e0  des crises et de violences  r\u00e9currentes au  sein de la Guin\u00e9e. <\/p>\n<p>Pendant trois  jours,  ce forum  sur  l&rsquo;unit\u00e9 nationale et la paix  r\u00e9unira  plus  de 200 participants  au Bleuzone de Kaloum. <\/p>\n<p>Dans son intervention, le coordinateur national du Forum national pour l\u2019unit\u00e9 nationale, Alseny Oumar Diallo, a  rappel\u00e9  a  les objectifs de son organisation. \u00ab La synergie d\u2019action des forces Sociales de Guin\u00e9e (SAFSG) est heureuse de vous recevoir ici \u00e0 Conakry en terre africaine de Guin\u00e9e, pendant trois (3) jours afin d\u2019\u00e9changer sur les questions d\u2019int\u00e9r\u00eat national et international.Cette organisation non gouvernementale dont j\u2019ai la chance et la charge de coordonner aujourd\u2019hui, lance en ce jour solennel la c\u00e9r\u00e9monie d\u2019ouverture de la premi\u00e8re \u00e9dition du forum national et sous r\u00e9gional intitul\u00e9.\u00bb, a d\u00e9clar\u00e9  le coordinateur national  pour  l&rsquo;unit\u00e9 nationale <\/p>\n<p>.<\/p>\n<p>Avant d&rsquo;ajouter : \u00abPendant trois (3) jours dans cette salle, nous \u00e9changerons sur cette th\u00e9matique et ses multiples facettes avec des animateurs et des participants du pays mais aussi de l\u2019\u00e9tranger pour toucher du doigt les probl\u00e8mes li\u00e9s \u00e0 l\u2019unit\u00e9 nationale et \u00e0 la paix. Aujourd\u2019hui n\u2019est point l\u2019aboutissement d\u2019un combat engag\u00e9 il y a de cela des ann\u00e9es, mais le d\u00e9but d\u2019un long p\u00e9riple qui nous tiendra en haleine pendant longtemps, puisse Dieu nous donner le courage et la force de tenir d\u00e9bout \u00bb.<\/p>\n<p>\u00abLa situation socio-politique de notre pays est alarmante, parce qu\u2019elle est instable. Les crises socio-politiques perdurent depuis plusieurs ann\u00e9es et des solutions ad\u00e9quates et durables tardent \u00e0 refaire surface, et ce, par manque de volont\u00e9 des uns et des autres. Ce manque de egne des un volont\u00e9 des diff\u00e9rents acteurs socio-politiques du pays, plonge la Guin\u00e9e dans une crise infernale ayant pour corolaire entre autres: la division ethnique et r\u00e9gionale, le n\u00e9potisme, la corruption et l\u2019affairisme, mais aussi et surtout la paup\u00e9risation de nos populations. De par de millions de Guin\u00e9ens que nous ayons \u00e9cout\u00e9s \u00e0 travers tout le territoire national et surtout le bas peuple, aucun compatriote, nous disons bien aucun, ne porte confiance en la justice du pays. La justice doit \u00eatre ind\u00e9pendante comme tant d\u2019autres institutions r\u00e9publicaines.\u00bb,  a fait savoir  Alseny Oumar  Diallo <\/p>\n<p>Pour mettre un terme  \u00e0 ses propos,  il a dit \u00ab\u00a0Notre pays a connu des pages sombres de perte en vies humaines au cours de son \u00e9volution datant d\u2019apr\u00e8s l\u2019ind\u00e9pendance jusqu&rsquo;\u00e0  nos jours ,les diff\u00e9rentes tueries n\u2019ont jamais fait l\u2019objet de lumi\u00e8re pour jours clairer l\u2019opinion nationale et internationale. La justice doit \u00eatre au centre de nos activit\u00e9s et de nos pr\u00e9occupations, si nous voulons aspirer \u00e0 un d\u00e9veloppement socio-\u00e9conomique et culturel dont nous r\u00eavons. Le chemin \u00e0 parcourir pour le d\u00e9veloppement de notre pays est long et plein d\u2019obstacles, seule une volont\u00e9 politique et un sens \u00e9lev\u00e9 de patriotisme de chacun et de tous peuvent nous permettre d\u2019\u00e9crire notre peu page d\u2019histoire\u00a0\u00bb. <\/p>\n<p>Sylla Ibrahima Kalil,pour www conakrynews.org 625444534<\/p>\n","protected":false},"excerpt":{"rendered":"<p>Ce mercredi,28 Septembre 2022, les responsables de la Synergie d&rsquo;actions des forces Sociales de Guin\u00e9e ont organis\u00e9 le forum national pour l&rsquo;unit\u00e9 nationale. L&rsquo;objectif de ce forum , c&rsquo; est de mettre fin \u00e0 des crises et de violences r\u00e9currentes au sein de la Guin\u00e9e. Pendant trois jours, ce forum sur l&rsquo;unit\u00e9 nationale et la [&hellip;]<\/p>\n","protected":false},"author":2,"featured_media":15804,"comment_status":"closed","ping_status":"closed","sticky":false,"template":"","format":"standard","meta":{"footnotes":""},"categories":[58],"tags":[],"class_list":{"0":"post-15799","1":"post","2":"type-post","3":"status-publish","4":"format-standard","5":"has-post-thumbnail","7":"category-societe"},"_links":{"self":[{"href":"https:\/\/conakrynews.org\/index.php\/wp-json\/wp\/v2\/posts\/15799","targetHints":{"allow":["GET"]}}],"collection":[{"href":"https:\/\/conakrynews.org\/index.php\/wp-json\/wp\/v2\/posts"}],"about":[{"href":"https:\/\/conakrynews.org\/index.php\/wp-json\/wp\/v2\/types\/post"}],"author":[{"embeddable":true,"href":"https:\/\/conakrynews.org\/index.php\/wp-json\/wp\/v2\/users\/2"}],"replies":[{"embeddable":true,"href":"https:\/\/conakrynews.org\/index.php\/wp-json\/wp\/v2\/comments?post=15799"}],"version-history":[{"count":0,"href":"https:\/\/conakrynews.org\/index.php\/wp-json\/wp\/v2\/posts\/15799\/revisions"}],"wp:featuredmedia":[{"embeddable":true,"href":"https:\/\/conakrynews.org\/index.php\/wp-json\/wp\/v2\/media\/15804"}],"wp:attachment":[{"href":"https:\/\/conakrynews.org\/index.php\/wp-json\/wp\/v2\/media?parent=15799"}],"wp:term":[{"taxonomy":"category","embeddable":true,"href":"https:\/\/conakrynews.org\/index.php\/wp-json\/wp\/v2\/categories?post=15799"},{"taxonomy":"post_tag","embeddable":true,"href":"https:\/\/conakrynews.org\/index.php\/wp-json\/wp\/v2\/tags?post=15799"}],"curies":[{"name":"wp","href":"https:\/\/api.w.org\/{rel}","templated":true}]}}