{"id":1588,"date":"2017-10-05T11:22:05","date_gmt":"2017-10-05T09:22:05","guid":{"rendered":"https:\/\/conakrynews.org\/?p=1588"},"modified":"2017-10-05T11:32:54","modified_gmt":"2017-10-05T09:32:54","slug":"conakry-marche-dhier-mort-parmi-militants-de-lopposition","status":"publish","type":"post","link":"https:\/\/conakrynews.org\/index.php\/conakry-marche-dhier-mort-parmi-militants-de-lopposition\/","title":{"rendered":"Conakry: Marche d\u2019hier, un mort parmi les militants de l\u2019opposition"},"content":{"rendered":"<p>Selon les\u00a0 informations re\u00e7ues \u00a0hier apr\u00e8s les manifestions de l\u2019opposition Guin\u00e9enne, c\u2019est un des Motards du Chef de file de l\u2019opposition Guin\u00e9enne K\u00f4to Cellou qui s\u2019est heurt\u00e9 \u00e0 un Mini \u00a0Bus immatricul\u00e9 RC4143P AU niveau du Camp carrefour \u00e0 Yimbaya et finalement la victime a succomb\u00e9 dans ses blessures sur place.<br \/>\nSelon toujours les informations, la victime,\u00a0 jeune militant \u00a0de l\u2019Union des Forces R\u00e9publicaines (l\u2019UFDG) n\u2019\u00e9tait plus dans un \u00e9tat normal \u00a0avant de \u00a0\u00a0rendre l\u2019\u00e2me.<br \/>\nCet autre cas \u00a0de d\u00e9c\u00e8s \u00a0hier\u00a0 vient s\u2019ajouter\u00a0sur\u00a0 une\u00a0 autre\u00a0 liste des victimes des manifestations politiques qui se sont d\u00e9roul\u00e9es en Guin\u00e9e.<\/p>\n<p><strong>Nous vous proposons de regarder les photos de la victime et du Mini Bus<\/strong><\/p>\n<p>&nbsp;<\/p>\n<p><img loading=\"lazy\" decoding=\"async\" class=\"alignnone size-full wp-image-1589\" src=\"https:\/\/conakrynews.org\/wp-content\/uploads\/2017\/10\/mini-.jpg\" alt=\"\" width=\"300\" height=\"169\" \/><img loading=\"lazy\" decoding=\"async\" class=\"alignnone size-full wp-image-1590\" src=\"https:\/\/conakrynews.org\/wp-content\/uploads\/2017\/10\/jeune-300x169.jpg\" alt=\"\" width=\"300\" height=\"169\" \/><img loading=\"lazy\" decoding=\"async\" class=\"alignnone size-full wp-image-1589\" src=\"https:\/\/conakrynews.org\/wp-content\/uploads\/2017\/10\/mini-.jpg\" alt=\"\" width=\"300\" height=\"169\" \/><\/p>\n<p><strong>Sylla Ibrahima Kalil <\/strong><\/p>\n<p>Partager<\/p>\n","protected":false},"excerpt":{"rendered":"<p>Selon les\u00a0 informations re\u00e7ues \u00a0hier apr\u00e8s les manifestions de l\u2019opposition Guin\u00e9enne, c\u2019est un des Motards du Chef de file de l\u2019opposition Guin\u00e9enne K\u00f4to Cellou qui s\u2019est heurt\u00e9 \u00e0 un Mini \u00a0Bus immatricul\u00e9 RC4143P AU niveau du Camp carrefour \u00e0 Yimbaya et finalement la victime a succomb\u00e9 dans ses blessures sur place. Selon toujours les informations, [&hellip;]<\/p>\n","protected":false},"author":2,"featured_media":1590,"comment_status":"closed","ping_status":"closed","sticky":false,"template":"","format":"image","meta":{"footnotes":""},"categories":[57],"tags":[],"class_list":{"0":"post-1588","1":"post","2":"type-post","3":"status-publish","4":"format-image","5":"has-post-thumbnail","7":"category-politique","8":"post_format-post-format-image"},"_links":{"self":[{"href":"https:\/\/conakrynews.org\/index.php\/wp-json\/wp\/v2\/posts\/1588","targetHints":{"allow":["GET"]}}],"collection":[{"href":"https:\/\/conakrynews.org\/index.php\/wp-json\/wp\/v2\/posts"}],"about":[{"href":"https:\/\/conakrynews.org\/index.php\/wp-json\/wp\/v2\/types\/post"}],"author":[{"embeddable":true,"href":"https:\/\/conakrynews.org\/index.php\/wp-json\/wp\/v2\/users\/2"}],"replies":[{"embeddable":true,"href":"https:\/\/conakrynews.org\/index.php\/wp-json\/wp\/v2\/comments?post=1588"}],"version-history":[{"count":0,"href":"https:\/\/conakrynews.org\/index.php\/wp-json\/wp\/v2\/posts\/1588\/revisions"}],"wp:featuredmedia":[{"embeddable":true,"href":"https:\/\/conakrynews.org\/index.php\/wp-json\/wp\/v2\/media\/1590"}],"wp:attachment":[{"href":"https:\/\/conakrynews.org\/index.php\/wp-json\/wp\/v2\/media?parent=1588"}],"wp:term":[{"taxonomy":"category","embeddable":true,"href":"https:\/\/conakrynews.org\/index.php\/wp-json\/wp\/v2\/categories?post=1588"},{"taxonomy":"post_tag","embeddable":true,"href":"https:\/\/conakrynews.org\/index.php\/wp-json\/wp\/v2\/tags?post=1588"}],"curies":[{"name":"wp","href":"https:\/\/api.w.org\/{rel}","templated":true}]}}