{"id":16013,"date":"2022-10-06T09:38:27","date_gmt":"2022-10-06T09:38:27","guid":{"rendered":"https:\/\/conakrynews.org\/?p=16013"},"modified":"2022-10-06T09:38:27","modified_gmt":"2022-10-06T09:38:27","slug":"le-capitaine-ibrahim-traore-plus-jeune-chef-detat-au-monde-prend-officiellement-les-renes-du-faso","status":"publish","type":"post","link":"https:\/\/conakrynews.org\/index.php\/le-capitaine-ibrahim-traore-plus-jeune-chef-detat-au-monde-prend-officiellement-les-renes-du-faso\/","title":{"rendered":"Le capitaine Ibrahim Traor\u00e9 \u00ab plus jeune chef d\u2019Etat au monde \u00bb prend officiellement les r\u00eanes du Faso"},"content":{"rendered":"<p>La Constitution, suspendue apr\u00e8s le putsch, a \u00e9t\u00e9 r\u00e9tablie et \u00ab s\u2019applique \u00e0 l\u2019exception de ses dispositions contraires \u00bb \u00e0 l\u2019Acte fondamental.<\/p>\n<p>Le capitaine Ibrahim Traor\u00e9, auteur d\u2019un putsch vendredi 30 septembre2022 au Burkina Faso qui a v\u00e9cu deux coups d\u2019Etat en huit mois, a officiellement \u00e9t\u00e9 d\u00e9sign\u00e9 ce mercredi, pr\u00e9sident du Burkina Faso dans l\u2019attente de la d\u00e9signation d\u2019un pr\u00e9sident de transition par des \u00ab Assises nationales \u00bb. C\u2019est d\u00e9sormais le plus jeune chef d\u2019Etat au monde.<\/p>\n<p>\u00ab Le pr\u00e9sident du Mouvement patriotique pour la sauvegarde et la restauration (MPSR) assure les fonctions de chef de l\u2019Etat, chef supr\u00eame des forces arm\u00e9es nationales \u00bb, indique une d\u00e9claration intitul\u00e9e Acte fondamental, qui compl\u00e8te la Constitution du Burkina, \u00ab en attendant l\u2019adoption d\u2019une charte de la transition \u00bb.<\/p>\n<p>Cette d\u00e9claration a \u00e9t\u00e9 lue par le capitaine Kiswendsida Farouk Azaria Sorgho, porte-parole du MPSR, la junte au pouvoir, lors d\u2019une \u00e9mission sp\u00e9ciale \u00e0 la t\u00e9l\u00e9vision nationale.<\/p>\n<p>Le capitaine Traor\u00e9 a assur\u00e9 lundi sur un m\u00e9dia fran\u00e7ais qu\u2019il ne ferait qu\u2019exp\u00e9dier \u00ab les affaires courantes \u00bb jusqu\u2019\u00e0 la d\u00e9signation d\u2019un nouveau pr\u00e9sident de transition civil ou militaire par des \u00ab Assises nationales \u00bb rassemblant les forces politiques, sociales et de la soci\u00e9t\u00e9 civile, qui devront se r\u00e9unir \u00ab bien avant la fin de l\u2019ann\u00e9e \u00bb, selon lui.<\/p>\n<p>Il a renvers\u00e9 vendredi le lieutenant-colonel Paul-Henri Sandaogo Damiba, lui-m\u00eame arriv\u00e9 par la force au pouvoir en janvier 2022 en renversement le pr\u00e9sident \u00e9lu Roch Marc Christian Kabor\u00e9.<\/p>\n<p>L\u2019Acte adopt\u00e9 mercredi pr\u00e9cise qu\u2019en \u00ab attendant la mise en place des organes de la transition \u00bb, le MPSR \u00ab est garant de l\u2019ind\u00e9pendance nationale, de l\u2019int\u00e9grit\u00e9 du territoire, de la permanence et de la continuit\u00e9 de l\u2019Etat, du respect des trait\u00e9s et accords internationaux auxquels le Burkina Faso est partie \u00bb.<\/p>\n<p>La Constitution, suspendue apr\u00e8s le putsch de vendredi, a \u00e9t\u00e9 r\u00e9tablie et \u00ab s\u2019applique \u00e0 l\u2019exception de ses dispositions contraires \u00bb \u00e0 l\u2019Acte fondamental.<\/p>\n<p>Promesse d\u2019\u00e9lections en 2024<\/p>\n<p>Ibrahim Traor\u00e9, 34 ans, devient le plus jeune chef d\u2019Etat au monde, devant le Chilien Gabriel Boric, 36 ans.<\/p>\n<p>Il prend la t\u00eate d\u2019un Etat meurtri par la guerre depuis 2015, et a en partie justifi\u00e9 son coup de force en reprochant \u00e0 son pr\u00e9d\u00e9cesseur Damiba \u00ab la d\u00e9gradation continue de la situation s\u00e9curitaire \u00bb.<\/p>\n<p>Les attaques r\u00e9guli\u00e8res de groupes arm\u00e9s affili\u00e9s \u00e0 Al-Qa\u00efda et au groupe Etat islamique (EI) ont fait des milliers de morts et provoqu\u00e9 le d\u00e9placement de quelque deux millions de personnes.<\/p>\n<p>Une majorit\u00e9 du territoire \u00e9chappe au contr\u00f4le de l\u2019Etat, notamment du c\u00f4t\u00e9 des fronti\u00e8res avec le Mali et le Niger.<\/p>\n<p>Ibrahim Traor\u00e9 a re\u00e7u mardi une d\u00e9l\u00e9gation de la Communaut\u00e9 des Etats d\u2019Afrique de l\u2019ouest (C\u00e9d\u00e9ao), venue \u00e9valuer la situation quelques jours apr\u00e8s le putsch. Elle est repartie \u00ab confiante \u00bb, selon l\u2019ancien pr\u00e9sident nig\u00e9rien Mahamadou Issoufou, membre de la d\u00e9l\u00e9gation et m\u00e9diateur de la C\u00e9d\u00e9ao pour le Burkina.<\/p>\n<p>M. Issoufou a jug\u00e9 que le Faso avait \u00e9t\u00e9 \u00ab au bord du gouffre \u00bb apr\u00e8s un week-end de troubles et d\u2019incertitude quant \u00e0 l\u2019acceptation du putsch par le lieutenant-colonel Damiba, qui s\u2019est d\u2019abord oppos\u00e9 \u00e0 sa destitution avant de finalement d\u00e9missionner et quitter le pays dimanche.<\/p>\n<p>Des manifestations contre la France et pour un renforcement de la coop\u00e9ration militaire avec la Russie, dont l\u2019influence ne cesse de cro\u00eetre dans plusieurs pays d\u2019Afrique francophone dont le Mali voisin, se sont \u00e9galement tenues durant le week-end.<\/p>\n<p>Des b\u00e2timents repr\u00e9sentant les int\u00e9r\u00eats de la France, dont l\u2019ambassade \u00e0 Ouagadougou, ont \u00e9t\u00e9 pris \u00e0 partie par les manifestants.<\/p>\n<p>Le capitaine Traor\u00e9, \u00e0 l\u2019issue de la rencontre avec la C\u00e9d\u00e9ao mardi soir, avait assur\u00e9 que Ouagadougou continuerait \u00e0 respecter ses engagements pris sous M. Damiba vis-\u00e0-vis de la C\u00e9d\u00e9ao, en particulier sur l\u2019organisation d\u2019\u00e9lections et un retour de civils au pouvoir au plus tard en juillet 2024.<\/p>\n<p>AFP<\/p>\n","protected":false},"excerpt":{"rendered":"<p>La Constitution, suspendue apr\u00e8s le putsch, a \u00e9t\u00e9 r\u00e9tablie et \u00ab s\u2019applique \u00e0 l\u2019exception de ses dispositions contraires \u00bb \u00e0 l\u2019Acte fondamental. Le capitaine Ibrahim Traor\u00e9, auteur d\u2019un putsch vendredi 30 septembre2022 au Burkina Faso qui a v\u00e9cu deux coups d\u2019Etat en huit mois, a officiellement \u00e9t\u00e9 d\u00e9sign\u00e9 ce mercredi, pr\u00e9sident du Burkina Faso dans [&hellip;]<\/p>\n","protected":false},"author":2,"featured_media":16014,"comment_status":"closed","ping_status":"closed","sticky":false,"template":"","format":"standard","meta":{"footnotes":""},"categories":[57],"tags":[],"class_list":{"0":"post-16013","1":"post","2":"type-post","3":"status-publish","4":"format-standard","5":"has-post-thumbnail","7":"category-politique"},"_links":{"self":[{"href":"https:\/\/conakrynews.org\/index.php\/wp-json\/wp\/v2\/posts\/16013","targetHints":{"allow":["GET"]}}],"collection":[{"href":"https:\/\/conakrynews.org\/index.php\/wp-json\/wp\/v2\/posts"}],"about":[{"href":"https:\/\/conakrynews.org\/index.php\/wp-json\/wp\/v2\/types\/post"}],"author":[{"embeddable":true,"href":"https:\/\/conakrynews.org\/index.php\/wp-json\/wp\/v2\/users\/2"}],"replies":[{"embeddable":true,"href":"https:\/\/conakrynews.org\/index.php\/wp-json\/wp\/v2\/comments?post=16013"}],"version-history":[{"count":0,"href":"https:\/\/conakrynews.org\/index.php\/wp-json\/wp\/v2\/posts\/16013\/revisions"}],"wp:featuredmedia":[{"embeddable":true,"href":"https:\/\/conakrynews.org\/index.php\/wp-json\/wp\/v2\/media\/16014"}],"wp:attachment":[{"href":"https:\/\/conakrynews.org\/index.php\/wp-json\/wp\/v2\/media?parent=16013"}],"wp:term":[{"taxonomy":"category","embeddable":true,"href":"https:\/\/conakrynews.org\/index.php\/wp-json\/wp\/v2\/categories?post=16013"},{"taxonomy":"post_tag","embeddable":true,"href":"https:\/\/conakrynews.org\/index.php\/wp-json\/wp\/v2\/tags?post=16013"}],"curies":[{"name":"wp","href":"https:\/\/api.w.org\/{rel}","templated":true}]}}