{"id":16026,"date":"2022-10-07T19:35:00","date_gmt":"2022-10-07T19:35:00","guid":{"rendered":"https:\/\/conakrynews.org\/?p=16026"},"modified":"2022-10-07T19:35:00","modified_gmt":"2022-10-07T19:35:00","slug":"palais-mohamed-v-le-chef-de-letat-recoit-une-delegation-des-personnes-agees","status":"publish","type":"post","link":"https:\/\/conakrynews.org\/index.php\/palais-mohamed-v-le-chef-de-letat-recoit-une-delegation-des-personnes-agees\/","title":{"rendered":"Palais Mohamed V : Le chef de l\u2019\u00c9tat re\u00e7oit une d\u00e9l\u00e9gation des personnes \u00e2g\u00e9es"},"content":{"rendered":"<p>Apr\u00e8s la c\u00e9l\u00e9bration de la Journ\u00e9e internationale des personnes \u00e2g\u00e9es qui se tient le 1er octobre de chaque ann\u00e9e, le Pr\u00e9sident de la Transition, le Colonel Mamadi DOUMBOUYA, a re\u00e7u ce jeudi 06 octobre 2022 au Palais Mohammed V une d\u00e9l\u00e9gation des personnes du 3\u00eame \u00e2ge venues des 4 coins de la Guin\u00e9e.<\/p>\n<p>La d\u00e9l\u00e9gation a \u00e9t\u00e9 introduite par la Ministre de la Promotion F\u00e9minine, de l\u2019Enfance et des Personnes vuln\u00e9rables, Mme Aicha Nanette CONT\u00c9 qui, dans son intervention, est revenue sur les actions r\u00e9alis\u00e9es \u00e0 l\u2019occasion de la c\u00e9l\u00e9bration de la Journ\u00e9e internationale des personnes \u00e2g\u00e9es, plac\u00e9e cette ann\u00e9e sous le th\u00e8me \u00ab la r\u00e9silience des personnes \u00e2g\u00e9es dans un monde en transformation \u00bb.<\/p>\n<p>Madame la Ministre a ensuite pr\u00e9sent\u00e9 au Chef de l\u2019Etat la d\u00e9l\u00e9gation dont l\u2019\u00e2ge varie entre 80 et 102 ans.<br \/>\nEnsuite, Elhadj Manding DIANE, Pr\u00e9sident d\u2019honneur de la F\u00e9d\u00e9ration des associations des personnes \u00e2g\u00e9es et retrait\u00e9es de Guin\u00e9e, a exprim\u00e9 leurs remerciements et reconnaissance au Chef de l\u2019\u00c9tat pour l\u2019accueil qui leur a \u00e9t\u00e9 r\u00e9serv\u00e9. Il a, au nom des personnes \u00e2g\u00e9es et retrait\u00e9es de Guin\u00e9e, d\u00e9cern\u00e9 un satisfecit au Pr\u00e9sident de la Transition pour son combat en faveur du peuple de Guin\u00e9e.<\/p>\n<p>Prenant la parole, les intervenants, Elhadj Aboubacar Sonyi CAMARA, de Kindia, Elhadj Thierno Boubacar BALD\u00c9 de Lab\u00e9, Elhadj Toubaka CAMARA de Faranah et Seman CAMARA de Macenta, ont \u00e0 tour de r\u00f4le salu\u00e9 et remerci\u00e9 le Chef de l\u2019\u00c9tat pour l\u2019invitation qui leur a \u00e9t\u00e9 envoy\u00e9e afin de venir participer \u00e0 la c\u00e9l\u00e9bration du 64e anniversaire de l\u2019ind\u00e9pendance nationale. Ils ont \u00e9t\u00e9 par ailleurs exprim\u00e9 leur soutien inconditionnel aux actions entreprises par le Pr\u00e9sident de la Transition. Des propos qui se sont termin\u00e9s par des pri\u00e8res et b\u00e9n\u00e9dictions en faveur d\u2019une Transition r\u00e9ussie et apais\u00e9e en Guin\u00e9e.<br \/>\nLe Pr\u00e9sident de la Transition a pour sa part remerci\u00e9 la d\u00e9l\u00e9gation des personnes \u00e2g\u00e9es pour cette visite avant de leur souhaiter davantage long\u00e9vit\u00e9 dans la sant\u00e9.<\/p>\n<p>\ud835\uddd7\ud835\uddd6\ud835\udddc-\ud835\udde3\ud835\udde5\ud835\uddda<\/p>\n","protected":false},"excerpt":{"rendered":"<p>Apr\u00e8s la c\u00e9l\u00e9bration de la Journ\u00e9e internationale des personnes \u00e2g\u00e9es qui se tient le 1er octobre de chaque ann\u00e9e, le Pr\u00e9sident de la Transition, le Colonel Mamadi DOUMBOUYA, a re\u00e7u ce jeudi 06 octobre 2022 au Palais Mohammed V une d\u00e9l\u00e9gation des personnes du 3\u00eame \u00e2ge venues des 4 coins de la Guin\u00e9e. La d\u00e9l\u00e9gation [&hellip;]<\/p>\n","protected":false},"author":2,"featured_media":16027,"comment_status":"closed","ping_status":"closed","sticky":false,"template":"","format":"standard","meta":{"footnotes":""},"categories":[58],"tags":[],"class_list":{"0":"post-16026","1":"post","2":"type-post","3":"status-publish","4":"format-standard","5":"has-post-thumbnail","7":"category-societe"},"_links":{"self":[{"href":"https:\/\/conakrynews.org\/index.php\/wp-json\/wp\/v2\/posts\/16026","targetHints":{"allow":["GET"]}}],"collection":[{"href":"https:\/\/conakrynews.org\/index.php\/wp-json\/wp\/v2\/posts"}],"about":[{"href":"https:\/\/conakrynews.org\/index.php\/wp-json\/wp\/v2\/types\/post"}],"author":[{"embeddable":true,"href":"https:\/\/conakrynews.org\/index.php\/wp-json\/wp\/v2\/users\/2"}],"replies":[{"embeddable":true,"href":"https:\/\/conakrynews.org\/index.php\/wp-json\/wp\/v2\/comments?post=16026"}],"version-history":[{"count":0,"href":"https:\/\/conakrynews.org\/index.php\/wp-json\/wp\/v2\/posts\/16026\/revisions"}],"wp:featuredmedia":[{"embeddable":true,"href":"https:\/\/conakrynews.org\/index.php\/wp-json\/wp\/v2\/media\/16027"}],"wp:attachment":[{"href":"https:\/\/conakrynews.org\/index.php\/wp-json\/wp\/v2\/media?parent=16026"}],"wp:term":[{"taxonomy":"category","embeddable":true,"href":"https:\/\/conakrynews.org\/index.php\/wp-json\/wp\/v2\/categories?post=16026"},{"taxonomy":"post_tag","embeddable":true,"href":"https:\/\/conakrynews.org\/index.php\/wp-json\/wp\/v2\/tags?post=16026"}],"curies":[{"name":"wp","href":"https:\/\/api.w.org\/{rel}","templated":true}]}}